{"id":248658,"date":"2026-08-10T12:43:13","date_gmt":"2026-08-10T12:43:13","guid":{"rendered":"https:\/\/www.europesays.com\/ee\/248658\/"},"modified":"2026-08-10T12:43:13","modified_gmt":"2026-08-10T12:43:13","slug":"politico-uus-konkurent-sunnib-melonit-naasma-parempopulismi-juurde-valismaa","status":"publish","type":"post","link":"https:\/\/www.europesays.com\/ee\/248658\/","title":{"rendered":"Politico: uus konkurent sunnib Melonit naasma parempopulismi juurde | V\u00e4lismaa"},"content":{"rendered":"<p>Meloni valitsus asus eelmisel n\u00e4dalal esimesena Euroopa Liidus teravalt kritiseerima Hispaania valitsust seoses ootamatu sisser\u00e4ndajate tungimisega Aafrikas asuvasse Hispaania eksklaavi Ceutasse.<\/p>\n<p>Samal ajal kui Prantsusmaa ja teised riigid karmistasid piirikontrolli, l\u00e4ks Itaalia veelgi kaugemale ja teatas, et peatab Madridiga Schengeni vaba liikumise. N\u00fc\u00fcd suunatakse Itaalia lennujaamades Hispaaniast saabuvad reisijad eraldi j\u00e4rjekorda. Hispaania kehtestas vastumeetmena kontrolli Itaaliast saabuvatele reisijatele.<\/p>\n<p>Meloni b\u00fcroo kinnitas, et ei kavatse t\u00e4iendavat piirikontrolli Hispaaniale kaotada enne 15. augustit.<\/p>\n<p>&#8220;Me ei tagane ebaseadusliku sisser\u00e4nde k\u00fcsimuses millimeetritki,&#8221; kirjutas Meloni sotsiaalmeedias. &#8220;Meie piiride kaitsmine, inimkaubitsejate peatamine ja t\u00f5hus tagasisaatmine j\u00e4\u00e4vad ka edaspidi valitsuse poliitika keskmesse,&#8221; lisas ta.<\/p>\n<p>Konflikt Hispaaniaga on vaid viimane m\u00e4rk sellest, et Itaalia valitsusjuht teeb k\u00f5ik v\u00f5imaliku oma karmimat liini pooldava tuumikvalijaskonna hoidmiseks. Teda ohustab samal ajal erukindral ja Euroopa Parlamendi saadik Roberto Vannacci, r\u00f5hutas Politico.<\/p>\n<p>Kuna valimised toimuvad t\u00f5en\u00e4oliselt juba j\u00e4rgmisel kevadel, on Vannacci parempopulistliku erakonna Rahvuslik Tulevik (Futuro Nazionale) toetus arvamusk\u00fcsitlustes j\u00f5udsalt kasvanud.\u00a0<\/p>\n<p>V\u00e4ljaande Politico k\u00fcsitluste kohaselt on partei m\u00f6\u00f6dunud Meloni koalitsioonipartnerist, parempopulistlikust Liigast, ning j\u00f5udmas j\u00e4rele teisele partnerile, erakonnale Forza Italia.<\/p>\n<p>Melonit, kes alustas oma poliitilist karj\u00e4\u00e4ri Itaalia postfa\u0161istliku liikumise noorteorganisatsioonis, ohustab uus konkurent eriti teravalt.<\/p>\n<p>&#8220;Pole kahtlustki, et ollakse mures, kuidas Rahvusliku Tuleviku pakutavat konkurentsi ohjeldada,&#8221; m\u00e4rkis politoloog Marco Tarchi. &#8220;K\u00f5ik taandub tooni teravdamisele. Teemad \u2013 julgeolek, sisser\u00e4nne, identiteet \u2013 on j\u00e4\u00e4nud samaks.&#8221;\u00a0<\/p>\n<p>V\u00f5idukalt l\u00f5ppenud 2022. aasta valimiskampaanias lubas Meloni ebaseadusliku r\u00e4nde ohjeldamiseks kehtestada Itaalia rannikul mereblokaadi. Kuigi seda plaani ei viidudki ellu, rajas Meloni valitsus Albaaniasse kinnipidamiskeskused, kuhu paigutatakse sisser\u00e4ndajad nende varjupaigataotluste l\u00e4bivaatamise ajaks.<\/p>\n<p>Vannacci, kelle kampaania keskendub julgeolekule ja rangele immigratsioonipoliitikale, n\u00f5uab veelgi radikaalsemat lahendust ehk nn remigratsiooni. See on seni t\u00e4psemalt lahti kirjutamata plaan, mis peaks innustama sisser\u00e4ndajad kodumaale naasma.<\/p>\n<p>Ceuta kriis, mille k\u00e4igus tungisid k\u00fcmned tuhanded migrandid Hispaania eksklaavi Aafrikas, andis Melonile v\u00f5imaluse n\u00e4idata, et ebaseadusliku r\u00e4nde vastu v\u00f5itlemine on valitsuse jaoks endiselt absoluutne prioriteet.<\/p>\n<p>Meloni reageering oli sisepoliitiliste kalkulatsioonide tulemus, \u00fctles vasakpoolse Demokraatliku Partei Euroopa Parlamendi saadik Giorgio Gori. &#8220;Itaalia peaminister p\u00fc\u00fcab valijaskonda kindlustada, n\u00e4idates, et on truu parempoolsetele loosungitele ja propagandale nii r\u00e4ndek\u00fcsimustes kui ka laiemalt,&#8221; lisas ta.<\/p>\n<p>Rooma Luiss Guido Carli \u00fclikooli riigiteaduste osakonna direktori Giovanni Orsina s\u00f5nul on Meloni praegune peamine eesm\u00e4rk v\u00e4ltida olukorda, kus ka tema kodupartei Itaalia Vennad (Fratelli d&#8217;Italia) hakkaks h\u00e4\u00e4li kaotama. See on ka ettevalmistus v\u00f5imalikuks liiduks Vannacciga enne v\u00f5i p\u00e4rast j\u00e4rgmise aasta valimisi, lisas ta.<\/p>\n<p>&#8220;Vannacci on arvamusk\u00fcsitlustes j\u00f5udsalt toetust kasvatanud, eriti viimase kahe kuu jooksul,&#8221; lausus k\u00fcsitlusfirma YouTrend esindaja Lorenzo Pregliasco, m\u00e4rkides, et Rahvusliku Tuleviku toetus ulatub \u00fcle seitsme protsendi.<\/p>\n<p>&#8220;Ilma Vannaccita v\u00f5iksid paremtsentristid eelseisvad valimised kaotada,&#8221; \u00fctles ta. &#8220;Need seitse protsendipunkti on v\u00e4ga olulised.&#8221;<\/p>\n<p>Meloni l\u00e4hikondlane ja Euroopa Konservatiivide ja Reformistide (ECR) fraktsiooni kaasesimees Nicola Procaccini eitab, et peaminister on muutnud oma poliitikat pelgalt Vannacci t\u00f5ttu.<\/p>\n<p>&#8220;Ta seisukohad on need, mis alati,&#8221; \u00fctles Procaccini. &#8220;Ta lihtsalt ei olnud see rassistlik ja ksenofoobne fa\u0161ist, kellena teda ametisse astudes kujutati. Ja ta ei ole seda ka praegu.&#8221;<\/p>\n<p>\u00dchtlasi on proovile pandud Meloni toetus Ukrainale, kuna nii Liiga kui ka Vannacci pooldavad pehmemat liini Moskva suunal, on vastu Kiievile antavale s\u00f5jalisele abile ega toeta kaitsekulutuste suurendamist.<\/p>\n<p>Kuigi Meloni on kujutanud end Ukraina tugeva toetajana, on tema s\u00f5ltumine Liigast t\u00e4hendanud, et Itaalia panus on nelja aasta jooksul olnud vaid kolm miljardit eurot \u2013 see teeb iga Itaalia kodaniku kohta umbes \u00fche euro kuus.<\/p>\n<p>Samuti on Itaalia keeldunud liitumast NATO programmiga PURL \u2013 m\u00f6\u00f6dunud suvel loodud relvaostuskeemiga, mis k\u00e4ivitati p\u00e4rast seda, kui USA president Donald Trump l\u00f5petas uute s\u00f5jalise abi kohustuste v\u00f5tmise Kiievi ees.<\/p>\n<p>Just Ukraina k\u00fcsimus on see, kus ilmneb Meloni ja Vannacci tegelik erimeelsus, v\u00e4itis politoloog Tarchi. &#8220;Muidu on l\u00f5he nende vahel vaid retoorikas ja kunstlikult v\u00f5imendatud,&#8221; lausus ta.<\/p>\n<p>Meloni liitlased ei ole v\u00e4listanud liitu Vannacciga, kuid r\u00f5hutavad, et see s\u00f5ltub tema seisukohtadest p\u00f5hiv\u00e4\u00e4rtustes, n\u00e4iteks v\u00e4lispoliitikas.<\/p>\n<p>&#8220;Kui ta taotleb Itaalia paigutamist Venemaa, Hiina, Iraani ja P\u00f5hja-Korea k\u00f5rvale, siis on ilmselgelt v\u00f5imatu koost\u00f6\u00f6d teha,&#8221; \u00fctles Procaccini. &#8220;Aga kui ta valib hoopis L\u00e4\u00e4ne \u2013 demokraatiad, l\u00e4\u00e4neriigid, l\u00e4\u00e4ne liberaalsed demokraatiad \u2013, siis saame kindlasti koos tegutseda.&#8221;<\/p>\n","protected":false},"excerpt":{"rendered":"Meloni valitsus asus eelmisel n\u00e4dalal esimesena Euroopa Liidus teravalt kritiseerima Hispaania valitsust seoses ootamatu sisser\u00e4ndajate tungimisega Aafrikas asuvasse&hellip;\n","protected":false},"author":2,"featured_media":248659,"comment_status":"","ping_status":"","sticky":false,"template":"","format":"standard","meta":{"footnotes":"","_share_on_mastodon":"0"},"categories":[80],"tags":[26,27,37,33,35,34,36,31,32,2368,21,110,109,40905,28,29,95,19,28627,25,48482,23,24,22,20,30,92,93,94],"class_list":["post-248658","post","type-post","status-publish","format-standard","has-post-thumbnail","category-maailm","tag-breaking-news","tag-breakingnews","tag-ee","tag-eesti","tag-eesti-keel","tag-estonia","tag-estonian","tag-featured-news","tag-featurednews","tag-giorgia-meloni","tag-headlines","tag-hispaania","tag-itaalia","tag-itaalia-peaminister","tag-latest-news","tag-latestnews","tag-maailm","tag-news","tag-parempopulism","tag-populaarseimad-lood","tag-roberto-vannacci","tag-top-stories","tag-topstories","tag-uldised-uudised","tag-uudised","tag-viimased-uudised","tag-world","tag-world-news","tag-worldnews"],"share_on_mastodon":{"url":"https:\/\/pubeurope.com\/@ee\/117071275976321090","error":""},"_links":{"self":[{"href":"https:\/\/www.europesays.com\/ee\/wp-json\/wp\/v2\/posts\/248658","targetHints":{"allow":["GET"]}}],"collection":[{"href":"https:\/\/www.europesays.com\/ee\/wp-json\/wp\/v2\/posts"}],"about":[{"href":"https:\/\/www.europesays.com\/ee\/wp-json\/wp\/v2\/types\/post"}],"author":[{"embeddable":true,"href":"https:\/\/www.europesays.com\/ee\/wp-json\/wp\/v2\/users\/2"}],"replies":[{"embeddable":true,"href":"https:\/\/www.europesays.com\/ee\/wp-json\/wp\/v2\/comments?post=248658"}],"version-history":[{"count":0,"href":"https:\/\/www.europesays.com\/ee\/wp-json\/wp\/v2\/posts\/248658\/revisions"}],"wp:featuredmedia":[{"embeddable":true,"href":"https:\/\/www.europesays.com\/ee\/wp-json\/wp\/v2\/media\/248659"}],"wp:attachment":[{"href":"https:\/\/www.europesays.com\/ee\/wp-json\/wp\/v2\/media?parent=248658"}],"wp:term":[{"taxonomy":"category","embeddable":true,"href":"https:\/\/www.europesays.com\/ee\/wp-json\/wp\/v2\/categories?post=248658"},{"taxonomy":"post_tag","embeddable":true,"href":"https:\/\/www.europesays.com\/ee\/wp-json\/wp\/v2\/tags?post=248658"}],"curies":[{"name":"wp","href":"https:\/\/api.w.org\/{rel}","templated":true}]}}