{"id":248678,"date":"2026-08-10T13:04:29","date_gmt":"2026-08-10T13:04:29","guid":{"rendered":"https:\/\/www.europesays.com\/ee\/248678\/"},"modified":"2026-08-10T13:04:29","modified_gmt":"2026-08-10T13:04:29","slug":"saksamaa-vaikesed-gaasivarud-voivad-talvel-kogu-euroopas-hindu-tosta-2","status":"publish","type":"post","link":"https:\/\/www.europesays.com\/ee\/248678\/","title":{"rendered":"Saksamaa v\u00e4ikesed gaasivarud v\u00f5ivad talvel kogu Euroopas hindu t\u00f5sta"},"content":{"rendered":"<p>Euroopa Liidu gaasihoidlad olid augusti alguses t\u00e4idetud keskmiselt 58 protsendi ulatuses. Seda on 16 protsendipunkti v\u00e4hem kui viimase viie aasta keskmine ning tegemist on madalaima tasemega alates 2011. aastast.<\/p>\n<p class=\"isSelectedEnd\">Saksamaa olukord on veelgi keerulisem, sest sealsete hoidlate t\u00e4ituvus ulatus vaid 47 protsendini. Gaasihoidlate \u00fchenduse INES tegevjuhi Sebastian Heinermanni s\u00f5nul pole varud praegusel aastaajal olnud kunagi nii v\u00e4ikesed.<\/p>\n<p class=\"isSelectedEnd\">Euroopa Liit langetas p\u00e4rast Iraani s\u00f5ja puhkemist talvise varude t\u00e4ituvuse eesm\u00e4rgi 90 protsendilt 80 protsendile, et v\u00e4ltida paanilist kokkuostmist. Energiaanal\u00fc\u00fcsiettev\u00f5tte Rapidan hinnangul kerkib t\u00e4ituvus praeguse tempo juures novembriks siiski vaid 65 protsendini. Eesm\u00e4rgi saavutamiseks tuleks gaasi osta m\u00e4rksa k\u00f5rgema hinnaga.<\/p>\n<p class=\"isSelectedEnd\">Saksamaa valitsus ei soovi seni turule sekkuda ega anda riigi kontrolli all olevatele energiaettev\u00f5tetele SEFE ja Uniper korraldust gaasi kiiresti juurde osta. Ministeeriumi hinnangul piiraks riiklikult juhitud ostmine pakkumist ja t\u00f5staks hindu veelgi.<\/p>\n<p class=\"isSelectedEnd\">Anal\u00fc\u00fctikute s\u00f5nul s\u00f5ltub otsuse m\u00f5ju suuresti talvisest ilmast. K\u00fclma talve ja j\u00e4tkuvate tarneh\u00e4irete korral v\u00f5ivad ettev\u00f5tted olla sunnitud ostma gaasi viimasel hetkel k\u00f5rge hinnaga. Pehme talve puhul v\u00f5iks praegune sekkumine aga hindu tarbetult t\u00f5sta.<\/p>\n<p class=\"isSelectedEnd\">Saksamaa v\u00f5imalik gaasipuudus m\u00f5jutaks ka naaberriike. Riik on kohustatud h\u00e4daolukorras varustama gaasiga muu hulgas Austriat, \u0160veitsi, Itaaliat ja Taanit.<\/p>\n<p class=\"isSelectedEnd\">INES soovitab Saksamaa valitsusel soodustada hoidlate kiiremat t\u00e4itmist n\u00e4iteks v\u00f5rgutasude v\u00e4hendamisega. Holland on juba otsustanud turule sekkuda, eraldades riiklikule energiaettev\u00f5ttele EBN varude t\u00e4iendamiseks 1,2 miljardit eurot.<\/p>\n<p>SEFE peab 70-protsendilise t\u00e4ituvuse saavutamist endiselt v\u00f5imalikuks. Uniperi hinnangul muutub eesm\u00e4rgini j\u00f5udmine praeguse t\u00e4itmiskiiruse juures aga \u00fcha keerulisemaks.<\/p>\n<p>Kuidas see lugu Sind end tundma pani?Saada<a href=\"https:\/\/arileht.delfi.ee\/a\/120602628\/saksamaa-vaikesed-gaasivarud-voivad-talvel-kogu-euroopas-hindu-tosta\/kommentaarid\" class=\"button button--primary button--size-auto article-body-bottom__comment article-body-bottom__comment--write\" style=\"\" rel=\"nofollow noopener\" target=\"_blank\">Kommenteeri<\/a><a href=\"https:\/\/arileht.delfi.ee\/a\/120602628\/saksamaa-vaikesed-gaasivarud-voivad-talvel-kogu-euroopas-hindu-tosta\/kommentaarid\" class=\"button button--size-auto article-body-bottom__comment article-body-bottom__comment--read\" style=\"\" rel=\"nofollow noopener\" target=\"_blank\">Loe kommentaare (31)<\/a><\/p>\n","protected":false},"excerpt":{"rendered":"Euroopa Liidu gaasihoidlad olid augusti alguses t\u00e4idetud keskmiselt 58 protsendi ulatuses. Seda on 16 protsendipunkti v\u00e4hem kui viimase&hellip;\n","protected":false},"author":2,"featured_media":248679,"comment_status":"","ping_status":"","sticky":false,"template":"","format":"standard","meta":{"footnotes":"","_share_on_mastodon":"0"},"categories":[14],"tags":[131,130,37,33,35,34,36,7376,2879,51],"class_list":["post-248678","post","type-post","status-publish","format-standard","has-post-thumbnail","category-ari","tag-ari","tag-business","tag-ee","tag-eesti","tag-eesti-keel","tag-estonia","tag-estonian","tag-gaas","tag-hind","tag-saksamaa"],"share_on_mastodon":{"url":"https:\/\/pubeurope.com\/@ee\/117071358551621427","error":""},"_links":{"self":[{"href":"https:\/\/www.europesays.com\/ee\/wp-json\/wp\/v2\/posts\/248678","targetHints":{"allow":["GET"]}}],"collection":[{"href":"https:\/\/www.europesays.com\/ee\/wp-json\/wp\/v2\/posts"}],"about":[{"href":"https:\/\/www.europesays.com\/ee\/wp-json\/wp\/v2\/types\/post"}],"author":[{"embeddable":true,"href":"https:\/\/www.europesays.com\/ee\/wp-json\/wp\/v2\/users\/2"}],"replies":[{"embeddable":true,"href":"https:\/\/www.europesays.com\/ee\/wp-json\/wp\/v2\/comments?post=248678"}],"version-history":[{"count":0,"href":"https:\/\/www.europesays.com\/ee\/wp-json\/wp\/v2\/posts\/248678\/revisions"}],"wp:featuredmedia":[{"embeddable":true,"href":"https:\/\/www.europesays.com\/ee\/wp-json\/wp\/v2\/media\/248679"}],"wp:attachment":[{"href":"https:\/\/www.europesays.com\/ee\/wp-json\/wp\/v2\/media?parent=248678"}],"wp:term":[{"taxonomy":"category","embeddable":true,"href":"https:\/\/www.europesays.com\/ee\/wp-json\/wp\/v2\/categories?post=248678"},{"taxonomy":"post_tag","embeddable":true,"href":"https:\/\/www.europesays.com\/ee\/wp-json\/wp\/v2\/tags?post=248678"}],"curies":[{"name":"wp","href":"https:\/\/api.w.org\/{rel}","templated":true}]}}