{"id":248774,"date":"2026-08-10T14:35:07","date_gmt":"2026-08-10T14:35:07","guid":{"rendered":"https:\/\/www.europesays.com\/ee\/248774\/"},"modified":"2026-08-10T14:35:07","modified_gmt":"2026-08-10T14:35:07","slug":"annelinlane-muretseb-ehitusplatsil-kasvavate-puude-parast","status":"publish","type":"post","link":"https:\/\/www.europesays.com\/ee\/248774\/","title":{"rendered":"Annelinlane muretseb ehitusplatsil kasvavate puude p\u00e4rast"},"content":{"rendered":"<p>Kalda tee 26 kerkiva Kalda torni ehitusala servas kasvavate kaskede l\u00e4hedal on ehitajate soojakud ning puude juurte peale ja \u00fcmbrusse on paigutatud ehitusmaterjale. See on pannud Annelinnas elava Juta Pallavi juba n\u00e4dalaid linnaametnike poole p\u00f6\u00f6rduma, kuid mure pole kuhugi kadunud.<\/p>\n<p class=\"MsoNormal\">Juta Pallavi s\u00f5nul polnud puut\u00fcvede \u00fcmber ehituse alguses ka n\u00fc\u00fcdseks paigaldatud laudadest kaitseid.<\/p>\n","protected":false},"excerpt":{"rendered":"Kalda tee 26 kerkiva Kalda torni ehitusala servas kasvavate kaskede l\u00e4hedal on ehitajate soojakud ning puude juurte peale&hellip;\n","protected":false},"author":2,"featured_media":248775,"comment_status":"","ping_status":"","sticky":false,"template":"","format":"standard","meta":{"footnotes":"","_share_on_mastodon":"0"},"categories":[12],"tags":[4843,92976,26,27,97952,37,33,35,34,36,31,32,21,32372,28,29,19,25,97951,1599,23,24,22,20,30],"class_list":["post-248774","post","type-post","status-publish","format-standard","has-post-thumbnail","category-eesti","tag-annelinn","tag-arborist","tag-breaking-news","tag-breakingnews","tag-dorpat-ehitus","tag-ee","tag-eesti","tag-eesti-keel","tag-estonia","tag-estonian","tag-featured-news","tag-featurednews","tag-headlines","tag-kalda-tee-26","tag-latest-news","tag-latestnews","tag-news","tag-populaarseimad-lood","tag-puukaitse","tag-tartu-linnavalitsus","tag-top-stories","tag-topstories","tag-uldised-uudised","tag-uudised","tag-viimased-uudised"],"share_on_mastodon":{"url":"https:\/\/pubeurope.com\/@ee\/117071716274077371","error":""},"_links":{"self":[{"href":"https:\/\/www.europesays.com\/ee\/wp-json\/wp\/v2\/posts\/248774","targetHints":{"allow":["GET"]}}],"collection":[{"href":"https:\/\/www.europesays.com\/ee\/wp-json\/wp\/v2\/posts"}],"about":[{"href":"https:\/\/www.europesays.com\/ee\/wp-json\/wp\/v2\/types\/post"}],"author":[{"embeddable":true,"href":"https:\/\/www.europesays.com\/ee\/wp-json\/wp\/v2\/users\/2"}],"replies":[{"embeddable":true,"href":"https:\/\/www.europesays.com\/ee\/wp-json\/wp\/v2\/comments?post=248774"}],"version-history":[{"count":0,"href":"https:\/\/www.europesays.com\/ee\/wp-json\/wp\/v2\/posts\/248774\/revisions"}],"wp:featuredmedia":[{"embeddable":true,"href":"https:\/\/www.europesays.com\/ee\/wp-json\/wp\/v2\/media\/248775"}],"wp:attachment":[{"href":"https:\/\/www.europesays.com\/ee\/wp-json\/wp\/v2\/media?parent=248774"}],"wp:term":[{"taxonomy":"category","embeddable":true,"href":"https:\/\/www.europesays.com\/ee\/wp-json\/wp\/v2\/categories?post=248774"},{"taxonomy":"post_tag","embeddable":true,"href":"https:\/\/www.europesays.com\/ee\/wp-json\/wp\/v2\/tags?post=248774"}],"curies":[{"name":"wp","href":"https:\/\/api.w.org\/{rel}","templated":true}]}}