{"id":248840,"date":"2026-08-10T15:45:12","date_gmt":"2026-08-10T15:45:12","guid":{"rendered":"https:\/\/www.europesays.com\/ee\/248840\/"},"modified":"2026-08-10T15:45:12","modified_gmt":"2026-08-10T15:45:12","slug":"suvesoe-jatkub-%e2%9f%a9-lahipaevil-tuleb-kuni-24-kraadi-sooja","status":"publish","type":"post","link":"https:\/\/www.europesays.com\/ee\/248840\/","title":{"rendered":"SUVESOE J\u00c4TKUB \u27e9 L\u00e4hip\u00e4evil tuleb kuni 24 kraadi sooja"},"content":{"rendered":"<p>Kolmap\u00e4eva \u00f6\u00f6sel on selge v\u00f5i v\u00e4hese, kohati vahelduva pilvisusega ilm. Paiguti sajab hoovihma. Puhub loode- ja l\u00e4\u00e4netuul 3 \u2013 9, puhanguti 12, rannikul 6 \u2013 12, puhanguti kuni 18 meetrit sekundis. Sooja on 8 \u2013 13, rannikul kuni 16 kraadi. P\u00e4eval on v\u00e4hese ja vahelduva pilvisusega ilm. Kohati sajab hoovihma. Puhub loode- ja l\u00e4\u00e4netuul 5 \u2013 12, puhanguti 15, p\u00f5hjarannikul kuni 18 meetrit sekundis, \u00f5htul tuul n\u00f5rgeneb veidi. Sooja on 16 \u2013 20 kraadi.<\/p>\n","protected":false},"excerpt":{"rendered":"Kolmap\u00e4eva \u00f6\u00f6sel on selge v\u00f5i v\u00e4hese, kohati vahelduva pilvisusega ilm. Paiguti sajab hoovihma. Puhub loode- ja l\u00e4\u00e4netuul 3&hellip;\n","protected":false},"author":2,"featured_media":248841,"comment_status":"","ping_status":"","sticky":false,"template":"","format":"standard","meta":{"footnotes":"","_share_on_mastodon":"0"},"categories":[5],"tags":[26,27,37,33,35,34,36,31,32,21,669,10852,6997,12546,28,29,19,25,23,24,22,20,30],"class_list":["post-248840","post","type-post","status-publish","format-standard","has-post-thumbnail","category-uldised-uudised","tag-breaking-news","tag-breakingnews","tag-ee","tag-eesti","tag-eesti-keel","tag-estonia","tag-estonian","tag-featured-news","tag-featurednews","tag-headlines","tag-ilmaennustus","tag-ilmaprognoos","tag-keskkonnaagentuur","tag-keskkonnaagentuuri-ilmateenistus","tag-latest-news","tag-latestnews","tag-news","tag-populaarseimad-lood","tag-top-stories","tag-topstories","tag-uldised-uudised","tag-uudised","tag-viimased-uudised"],"share_on_mastodon":{"url":"https:\/\/pubeurope.com\/@ee\/117071991658800149","error":""},"_links":{"self":[{"href":"https:\/\/www.europesays.com\/ee\/wp-json\/wp\/v2\/posts\/248840","targetHints":{"allow":["GET"]}}],"collection":[{"href":"https:\/\/www.europesays.com\/ee\/wp-json\/wp\/v2\/posts"}],"about":[{"href":"https:\/\/www.europesays.com\/ee\/wp-json\/wp\/v2\/types\/post"}],"author":[{"embeddable":true,"href":"https:\/\/www.europesays.com\/ee\/wp-json\/wp\/v2\/users\/2"}],"replies":[{"embeddable":true,"href":"https:\/\/www.europesays.com\/ee\/wp-json\/wp\/v2\/comments?post=248840"}],"version-history":[{"count":0,"href":"https:\/\/www.europesays.com\/ee\/wp-json\/wp\/v2\/posts\/248840\/revisions"}],"wp:featuredmedia":[{"embeddable":true,"href":"https:\/\/www.europesays.com\/ee\/wp-json\/wp\/v2\/media\/248841"}],"wp:attachment":[{"href":"https:\/\/www.europesays.com\/ee\/wp-json\/wp\/v2\/media?parent=248840"}],"wp:term":[{"taxonomy":"category","embeddable":true,"href":"https:\/\/www.europesays.com\/ee\/wp-json\/wp\/v2\/categories?post=248840"},{"taxonomy":"post_tag","embeddable":true,"href":"https:\/\/www.europesays.com\/ee\/wp-json\/wp\/v2\/tags?post=248840"}],"curies":[{"name":"wp","href":"https:\/\/api.w.org\/{rel}","templated":true}]}}