{"id":249020,"date":"2026-08-10T20:08:28","date_gmt":"2026-08-10T20:08:28","guid":{"rendered":"https:\/\/www.europesays.com\/ee\/249020\/"},"modified":"2026-08-10T20:08:28","modified_gmt":"2026-08-10T20:08:28","slug":"fotod-%e2%9f%a9-kaitsevae-auto-soitis-kristiines-viadukti-kinni-liiklus-on-suletud-ja-rongid-hilinevad-postimees","status":"publish","type":"post","link":"https:\/\/www.europesays.com\/ee\/249020\/","title":{"rendered":"FOTOD \u27e9 Kaitsev\u00e4e auto s\u00f5itis Kristiines viadukti kinni, liiklus on suletud ja rongid hilinevad &#8211; Postimees"},"content":{"rendered":"<ol>\n<li><a href=\"https:\/\/news.google.com\/rss\/articles\/CBMiwwFBVV95cUxOR2lzMGVSNXlWUGRDenRvdGE2dEI0NmFNSEtCMGc5WkxYZDN3OXFGQXNrbEpEZ2xYQURqQ2RYQWhUVWJiLTRGMS05RTlJdTVEZFR1SGZDTmFqeHhoN1dHSzJaZjJHNjBFMTA3bDMyS3BMODFuNVloN01oNUZmSTBJYVlzT0J3NldWczJUcmI0cUJCMGJaRWJFeVhhVEVnbk43Rkg3bmFYS3NsYUZNdlU0RDdmdjVzQVBoQ0UzUUZBU2hGUkU?oc=5\" target=\"_blank\" rel=\"nofollow noopener\">FOTOD \u27e9 Kaitsev\u00e4e auto s\u00f5itis Kristiines viadukti kinni, liiklus on suletud ja rongid hilinevad<\/a>&nbsp;&nbsp;Postimees<\/li>\n<li><a href=\"https:\/\/news.google.com\/rss\/articles\/CBMitwFBVV95cUxNdFJweWRSMUg5TE55LUNFVXpaQmpld0k0QlFmSXkwdlRsdTN2TW9pN2dnUWxVZ1pCcXNzZkdqWGo2eDVuODJWekFVNlNOdDd3U2RjY0pJZnUyTTlVR3ZtbmhLUUJKS2tBNl9CcmpnUlBqalhLNE1Sc0tKY0MtaWRMcmxoREdzajNtc2czV2JJTE5Ha3lZRVBuRTJQUVc2SWVDMlpnSEFjTU9oUVRCVjloMU9QN1E3RUU?oc=5\" target=\"_blank\" rel=\"nofollow noopener\">FOTOD | AUTO OLI POOLELDI \u00d5HUS! Viadukti alla kinni kiilunud kaitsev\u00e4e veok saadi k\u00e4tte<\/a>&nbsp;&nbsp;\u00d5htuleht<\/li>\n<li><a href=\"https:\/\/news.google.com\/rss\/articles\/CBMivAFBVV95cUxQV0t4NlcyT1NRc3RacDduY2U4NTJHaTI2cGFoLV9zOGRfSjc5TkZoREV5cTZTYzF2czZPUVIzT0hGTzBIWHRpWU1taGdXQW5QOVZOUmV0RTRMLThQd21RUWVRNzNzaGpQLVZOX0ozOUduNVV5ZEg5aWtZajdTWXo2b1RqN2daejRVLXB4YjZ2QmdxMUJVS1FGSF9oeGNsUWJ6SXJ1XzFfTmNBWkxIcHFZM0NEZ3pOTUEzWHRxbg?oc=5\" target=\"_blank\" rel=\"nofollow noopener\">FOTOD | Tallinnas Paldiski maanteel j\u00e4i kaitsev\u00e4e veok tunnelisse kinni, liiklus on suletud<\/a>&nbsp;&nbsp;\u00d5htuleht<\/li>\n<li><a href=\"https:\/\/news.google.com\/rss\/articles\/CBMisAFBVV95cUxQdzVJdXN0N0tBQjA5QzluSDFMY0NDX3NUS2RxT1hqQzFIcURVTlFCMmJuM2l1a1NDczFzdE1CWlRXb3RrbWticGJfSVpNdm1zSDJXQ3pDblc4aHRxUm9YQlE0M294Tk5Rc2wzQU11UkJaZ2NaUlJLMllpRUZyUElGNzhaQ3BMYWhmMGJuZ3NFQVpWUXVGbmZTN2FxOWUwd2pQZ1J3LWlBY3NULUxpZHIzMQ?oc=5\" target=\"_blank\" rel=\"nofollow noopener\">FOTOD | Tallinnas j\u00e4i veok tunnelisse kinni, Paldiski maanteel on liiklus h\u00e4iritud<\/a>&nbsp;&nbsp;\u00d5htuleht<\/li>\n<\/ol>\n","protected":false},"excerpt":{"rendered":"FOTOD \u27e9 Kaitsev\u00e4e auto s\u00f5itis Kristiines viadukti kinni, liiklus on suletud ja rongid hilinevad&nbsp;&nbsp;Postimees FOTOD | AUTO OLI&hellip;\n","protected":false},"author":2,"featured_media":249021,"comment_status":"","ping_status":"","sticky":false,"template":"","format":"standard","meta":{"footnotes":"","_share_on_mastodon":"0"},"categories":[5],"tags":[26,27,37,33,35,34,36,31,32,21,2645,28,29,19,2606,25,23,24,22,75349,20,30],"class_list":["post-249020","post","type-post","status-publish","format-standard","has-post-thumbnail","category-uldised-uudised","tag-breaking-news","tag-breakingnews","tag-ee","tag-eesti","tag-eesti-keel","tag-estonia","tag-estonian","tag-featured-news","tag-featurednews","tag-headlines","tag-kaitsevagi","tag-latest-news","tag-latestnews","tag-news","tag-onnetus","tag-populaarseimad-lood","tag-top-stories","tag-topstories","tag-uldised-uudised","tag-ummik","tag-uudised","tag-viimased-uudised"],"share_on_mastodon":{"url":"https:\/\/pubeurope.com\/@ee\/117073025840263022","error":""},"_links":{"self":[{"href":"https:\/\/www.europesays.com\/ee\/wp-json\/wp\/v2\/posts\/249020","targetHints":{"allow":["GET"]}}],"collection":[{"href":"https:\/\/www.europesays.com\/ee\/wp-json\/wp\/v2\/posts"}],"about":[{"href":"https:\/\/www.europesays.com\/ee\/wp-json\/wp\/v2\/types\/post"}],"author":[{"embeddable":true,"href":"https:\/\/www.europesays.com\/ee\/wp-json\/wp\/v2\/users\/2"}],"replies":[{"embeddable":true,"href":"https:\/\/www.europesays.com\/ee\/wp-json\/wp\/v2\/comments?post=249020"}],"version-history":[{"count":0,"href":"https:\/\/www.europesays.com\/ee\/wp-json\/wp\/v2\/posts\/249020\/revisions"}],"wp:featuredmedia":[{"embeddable":true,"href":"https:\/\/www.europesays.com\/ee\/wp-json\/wp\/v2\/media\/249021"}],"wp:attachment":[{"href":"https:\/\/www.europesays.com\/ee\/wp-json\/wp\/v2\/media?parent=249020"}],"wp:term":[{"taxonomy":"category","embeddable":true,"href":"https:\/\/www.europesays.com\/ee\/wp-json\/wp\/v2\/categories?post=249020"},{"taxonomy":"post_tag","embeddable":true,"href":"https:\/\/www.europesays.com\/ee\/wp-json\/wp\/v2\/tags?post=249020"}],"curies":[{"name":"wp","href":"https:\/\/api.w.org\/{rel}","templated":true}]}}