{"id":249028,"date":"2026-08-10T20:18:41","date_gmt":"2026-08-10T20:18:41","guid":{"rendered":"https:\/\/www.europesays.com\/ee\/249028\/"},"modified":"2026-08-10T20:18:41","modified_gmt":"2026-08-10T20:18:41","slug":"fotod-ja-veok-%e2%9f%a9-kaitsevae-veok-soitis-kristiines-viadukti-kinni-liiklus-oli-suletud-postimees","status":"publish","type":"post","link":"https:\/\/www.europesays.com\/ee\/249028\/","title":{"rendered":"FOTOD JA VEOK \u27e9 Kaitsev\u00e4e veok s\u00f5itis Kristiines viadukti kinni, liiklus oli suletud &#8211; Postimees"},"content":{"rendered":"<ol>\n<li><a href=\"https:\/\/news.google.com\/rss\/articles\/CBMitAFBVV95cUxPWWJPWU04a25ZYmFRUVI0bkZiWnJRWU1OOGg1VUNKeXBhUEhsU2Y0Z09ub1R1WXZVcFY1UlNhMUdwMUc5SHFPSllidHFqVzZ3SHFxTkxDcVY0NjNWTUJ6S2dyaFJUWFZaekFsa0x2NzFYbi1ZaFdrVVIycVBweGlYdkpnTUFERU82SnRESFU3elpQUVpnbXlQeWJGNFpvWEtKYWpjQVRaQUVrTDJwejI1Q3dMel8?oc=5\" target=\"_blank\" rel=\"nofollow noopener\">FOTOD JA VEOK \u27e9 Kaitsev\u00e4e veok s\u00f5itis Kristiines viadukti kinni, liiklus oli suletud<\/a>&nbsp;&nbsp;Postimees<\/li>\n<li><a href=\"https:\/\/news.google.com\/rss\/articles\/CBMitwFBVV95cUxNdFJweWRSMUg5TE55LUNFVXpaQmpld0k0QlFmSXkwdlRsdTN2TW9pN2dnUWxVZ1pCcXNzZkdqWGo2eDVuODJWekFVNlNOdDd3U2RjY0pJZnUyTTlVR3ZtbmhLUUJKS2tBNl9CcmpnUlBqalhLNE1Sc0tKY0MtaWRMcmxoREdzajNtc2czV2JJTE5Ha3lZRVBuRTJQUVc2SWVDMlpnSEFjTU9oUVRCVjloMU9QN1E3RUU?oc=5\" target=\"_blank\" rel=\"nofollow noopener\">FOTOD | AUTO OLI POOLELDI \u00d5HUS! Viadukti alla kinni kiilunud kaitsev\u00e4e veok saadi k\u00e4tte<\/a>&nbsp;&nbsp;\u00d5htuleht<\/li>\n<li><a href=\"https:\/\/news.google.com\/rss\/articles\/CBMivAFBVV95cUxQV0t4NlcyT1NRc3RacDduY2U4NTJHaTI2cGFoLV9zOGRfSjc5TkZoREV5cTZTYzF2czZPUVIzT0hGTzBIWHRpWU1taGdXQW5QOVZOUmV0RTRMLThQd21RUWVRNzNzaGpQLVZOX0ozOUduNVV5ZEg5aWtZajdTWXo2b1RqN2daejRVLXB4YjZ2QmdxMUJVS1FGSF9oeGNsUWJ6SXJ1XzFfTmNBWkxIcHFZM0NEZ3pOTUEzWHRxbg?oc=5\" target=\"_blank\" rel=\"nofollow noopener\">FOTOD | Tallinnas Paldiski maanteel j\u00e4i kaitsev\u00e4e veok tunnelisse kinni, liiklus on suletud<\/a>&nbsp;&nbsp;\u00d5htuleht<\/li>\n<li><a href=\"https:\/\/news.google.com\/rss\/articles\/CBMisAFBVV95cUxQdzVJdXN0N0tBQjA5QzluSDFMY0NDX3NUS2RxT1hqQzFIcURVTlFCMmJuM2l1a1NDczFzdE1CWlRXb3RrbWticGJfSVpNdm1zSDJXQ3pDblc4aHRxUm9YQlE0M294Tk5Rc2wzQU11UkJaZ2NaUlJLMllpRUZyUElGNzhaQ3BMYWhmMGJuZ3NFQVpWUXVGbmZTN2FxOWUwd2pQZ1J3LWlBY3NULUxpZHIzMQ?oc=5\" target=\"_blank\" rel=\"nofollow noopener\">FOTOD | Tallinnas j\u00e4i veok tunnelisse kinni, Paldiski maanteel on liiklus h\u00e4iritud<\/a>&nbsp;&nbsp;\u00d5htuleht<\/li>\n<\/ol>\n","protected":false},"excerpt":{"rendered":"FOTOD JA VEOK \u27e9 Kaitsev\u00e4e veok s\u00f5itis Kristiines viadukti kinni, liiklus oli suletud&nbsp;&nbsp;Postimees FOTOD | AUTO OLI POOLELDI&hellip;\n","protected":false},"author":2,"featured_media":249029,"comment_status":"","ping_status":"","sticky":false,"template":"","format":"standard","meta":{"footnotes":"","_share_on_mastodon":"0"},"categories":[12],"tags":[26,27,37,33,35,34,36,31,32,21,2645,28,29,19,2606,25,23,24,22,75349,20,30],"class_list":["post-249028","post","type-post","status-publish","format-standard","has-post-thumbnail","category-eesti","tag-breaking-news","tag-breakingnews","tag-ee","tag-eesti","tag-eesti-keel","tag-estonia","tag-estonian","tag-featured-news","tag-featurednews","tag-headlines","tag-kaitsevagi","tag-latest-news","tag-latestnews","tag-news","tag-onnetus","tag-populaarseimad-lood","tag-top-stories","tag-topstories","tag-uldised-uudised","tag-ummik","tag-uudised","tag-viimased-uudised"],"share_on_mastodon":{"url":"https:\/\/pubeurope.com\/@ee\/117073065372345252","error":""},"_links":{"self":[{"href":"https:\/\/www.europesays.com\/ee\/wp-json\/wp\/v2\/posts\/249028","targetHints":{"allow":["GET"]}}],"collection":[{"href":"https:\/\/www.europesays.com\/ee\/wp-json\/wp\/v2\/posts"}],"about":[{"href":"https:\/\/www.europesays.com\/ee\/wp-json\/wp\/v2\/types\/post"}],"author":[{"embeddable":true,"href":"https:\/\/www.europesays.com\/ee\/wp-json\/wp\/v2\/users\/2"}],"replies":[{"embeddable":true,"href":"https:\/\/www.europesays.com\/ee\/wp-json\/wp\/v2\/comments?post=249028"}],"version-history":[{"count":0,"href":"https:\/\/www.europesays.com\/ee\/wp-json\/wp\/v2\/posts\/249028\/revisions"}],"wp:featuredmedia":[{"embeddable":true,"href":"https:\/\/www.europesays.com\/ee\/wp-json\/wp\/v2\/media\/249029"}],"wp:attachment":[{"href":"https:\/\/www.europesays.com\/ee\/wp-json\/wp\/v2\/media?parent=249028"}],"wp:term":[{"taxonomy":"category","embeddable":true,"href":"https:\/\/www.europesays.com\/ee\/wp-json\/wp\/v2\/categories?post=249028"},{"taxonomy":"post_tag","embeddable":true,"href":"https:\/\/www.europesays.com\/ee\/wp-json\/wp\/v2\/tags?post=249028"}],"curies":[{"name":"wp","href":"https:\/\/api.w.org\/{rel}","templated":true}]}}