{"id":249112,"date":"2026-08-11T04:03:12","date_gmt":"2026-08-11T04:03:12","guid":{"rendered":"https:\/\/www.europesays.com\/ee\/249112\/"},"modified":"2026-08-11T04:03:12","modified_gmt":"2026-08-11T04:03:12","slug":"turgi-parlament-toetas-ajaloolist-sammu-rahuprotsessis-kurdidega-valismaa","status":"publish","type":"post","link":"https:\/\/www.europesays.com\/ee\/249112\/","title":{"rendered":"T\u00fcrgi parlament toetas ajaloolist sammu rahuprotsessis kurdidega | V\u00e4lismaa"},"content":{"rendered":"<p>T\u00fcrgi parlament v\u00f5ttis esmasp\u00e4eval vastu seaduse, millega luuakse \u00f5iguslik raamistik keelustatud Kurdistani T\u00f6\u00f6lispartei (PKK) laialisaatmiseks. Tegemist on olulise sammuga aastak\u00fcmneid kestnud konflikti l\u00f5petamiseks kurdi v\u00e4hemusega T\u00fcrgis, mille on hukkunud k\u00fcmneid tuhandeid inimesi.<\/p>\n<p>Seadus annab \u00f5igusliku kaitse paljudele endistele PKK v\u00f5itlejatele, kes ei ole toime pannud konkreetseid kuritegusid, ning v\u00f5imaldab osadele PKK liikmelisuse eest s\u00fc\u00fcdim\u00f5istetutele vanglakaristuste peatamist. See peaks h\u00f5lbustama nende \u00fchiskonda naasmist.<\/p>\n<p>Seadus v\u00f5eti 600-kohalises parlamendis vastu 468 poolth\u00e4\u00e4lega. Sellele andsid toetuse president Recep Tayyip Erdo\u011fani v\u00f5imupartei AKP, selle rahvuslikud liitlased MHP ning kurdimeelne DEM-partei.<\/p>\n<p>Tegemist on Ankara seni k\u00f5ige konkreetsema sammuga rahuprotsessis kurdidega p\u00e4rast seda, kui PKK vangistatud liider Abdullah \u00d6calan kutsus 2025. aasta veebruaris organisatsiooni relvadest loobuma ja laiali minema. PKK teatas 2025. aasta mais, et l\u00f5petab relvastatud v\u00f5itluse ja saadab organisatsiooni laiali. Kaks kuud hiljem p\u00f5letas r\u00fchm v\u00f5itlejaid P\u00f5hja-Iraagis toimunud tseremoonial s\u00fcmboolselt oma relvad.<\/p>\n<p>T\u00fcrgi, USA ja Euroopa Liit k\u00e4sitlevad PKK-d terroriorganisatsioonina. Organisatsioon alustas relvastatud m\u00e4ssu 1984. aastal. Konfliktis on hukkunud \u00fcle 40 000 inimese, see on tekitanud peamiselt kurdidega asustatud Kagu-T\u00fcrgis suurt majanduslikku kahju ning s\u00fcvendanud aastak\u00fcmneid poliitilisi ja \u00fchiskondlikke l\u00f5hesid riigis.<\/p>\n<p>Seaduse eesm\u00e4rk on lahendada \u00fcks rahuprotsessi keskseid k\u00fcsimusi: mis saab tuhandetest PKK liikmetest p\u00e4rast seda, kui organisatsioon loobub oma s\u00f5jalisest ja organisatsioonilisest struktuurist.<\/p>\n<p>Protsess sai avalikult alguse 2024. aasta oktoobris, kui MHP juht Devlet Bah\u00e7eli, keda on pikka aega tuntud tema karmide seisukohtade poolest kurdi relvar\u00fchmituste suhtes, tegi ootamatu ettepaneku, et \u00d6calan v\u00f5iks esineda parlamendis ja teatada PKK laialisaatmisest.<\/p>\n<p>2025. aasta augustis moodustatud parlamendikomisjon kuulas seej\u00e4rel \u00e4ra poliitikuid, ametnikke, kodaniku\u00fchiskonna esindajaid ja teisi osapooli ning soovitas seadusandlikke muudatusi, mis reguleeriksid desarmeerimise ja \u00fchiskonda taasl\u00f5imimise protsessi.<\/p>\n<p>Uus seadus ei lahenda iseenesest laiemaid kurdide n\u00f5udmisi, sealhulgas ulatuslikumate poliitiliste ja kultuuriliste \u00f5iguste k\u00fcsimust, terrorismivastaste seaduste muutmist ega \u00d6calani staatust. \u00d6calan on Imrali saarel vangistuses alates 1999. aastast.<\/p>\n<p>T\u00fcrgi valitsus on kirjeldanud algatust osana eesm\u00e4rgist luua terrorivaba T\u00fcrgi, samal ajal kui kurdi poliitikud on r\u00f5hutanud, et p\u00fcsiv rahu eeldab ulatuslikumaid demokraatlikke ja \u00f5iguslikke reforme.<\/p>\n","protected":false},"excerpt":{"rendered":"T\u00fcrgi parlament v\u00f5ttis esmasp\u00e4eval vastu seaduse, millega luuakse \u00f5iguslik raamistik keelustatud Kurdistani T\u00f6\u00f6lispartei (PKK) laialisaatmiseks. Tegemist on olulise&hellip;\n","protected":false},"author":2,"featured_media":249113,"comment_status":"","ping_status":"","sticky":false,"template":"","format":"standard","meta":{"footnotes":"","_share_on_mastodon":"0"},"categories":[80],"tags":[26,27,37,33,35,34,36,31,32,21,54804,28,29,95,19,54802,43524,25,23,24,98048,22,20,30,92,93,94],"class_list":["post-249112","post","type-post","status-publish","format-standard","has-post-thumbnail","category-maailm","tag-breaking-news","tag-breakingnews","tag-ee","tag-eesti","tag-eesti-keel","tag-estonia","tag-estonian","tag-featured-news","tag-featurednews","tag-headlines","tag-kurdi-kusimus","tag-latest-news","tag-latestnews","tag-maailm","tag-news","tag-ocalan","tag-pkk","tag-populaarseimad-lood","tag-top-stories","tag-topstories","tag-turgi-parlament","tag-uldised-uudised","tag-uudised","tag-viimased-uudised","tag-world","tag-world-news","tag-worldnews"],"share_on_mastodon":{"url":"https:\/\/pubeurope.com\/@ee\/117074893501712998","error":""},"_links":{"self":[{"href":"https:\/\/www.europesays.com\/ee\/wp-json\/wp\/v2\/posts\/249112","targetHints":{"allow":["GET"]}}],"collection":[{"href":"https:\/\/www.europesays.com\/ee\/wp-json\/wp\/v2\/posts"}],"about":[{"href":"https:\/\/www.europesays.com\/ee\/wp-json\/wp\/v2\/types\/post"}],"author":[{"embeddable":true,"href":"https:\/\/www.europesays.com\/ee\/wp-json\/wp\/v2\/users\/2"}],"replies":[{"embeddable":true,"href":"https:\/\/www.europesays.com\/ee\/wp-json\/wp\/v2\/comments?post=249112"}],"version-history":[{"count":0,"href":"https:\/\/www.europesays.com\/ee\/wp-json\/wp\/v2\/posts\/249112\/revisions"}],"wp:featuredmedia":[{"embeddable":true,"href":"https:\/\/www.europesays.com\/ee\/wp-json\/wp\/v2\/media\/249113"}],"wp:attachment":[{"href":"https:\/\/www.europesays.com\/ee\/wp-json\/wp\/v2\/media?parent=249112"}],"wp:term":[{"taxonomy":"category","embeddable":true,"href":"https:\/\/www.europesays.com\/ee\/wp-json\/wp\/v2\/categories?post=249112"},{"taxonomy":"post_tag","embeddable":true,"href":"https:\/\/www.europesays.com\/ee\/wp-json\/wp\/v2\/tags?post=249112"}],"curies":[{"name":"wp","href":"https:\/\/api.w.org\/{rel}","templated":true}]}}