{"id":249184,"date":"2026-08-11T05:34:31","date_gmt":"2026-08-11T05:34:31","guid":{"rendered":"https:\/\/www.europesays.com\/ee\/249184\/"},"modified":"2026-08-11T05:34:31","modified_gmt":"2026-08-11T05:34:31","slug":"leedu-kaitseminister-ohuruumirikkumised-lakkasid-venemaa-siseste-lookide-tottu","status":"publish","type":"post","link":"https:\/\/www.europesays.com\/ee\/249184\/","title":{"rendered":"Leedu kaitseminister: \u00f5huruumirikkumised lakkasid Venemaa-siseste l\u00f6\u00f6kide t\u00f5ttu"},"content":{"rendered":"<p>\u00d5huruumirikkumised Balti riikides on lakanud, kuna Ukraina annab l\u00f6\u00f6ke sihtm\u00e4rkide pihta s\u00fcgaval Venemaal, tsiteerib BNS Leedu kaitseministrit Robertas Kaunast.<\/p>\n<p data-path-to-node=\"2\">\u00abMinu meelest on hea, et nad ei lenda meie \u00f5huruumi. Sest hoolimata sellest, et Ukrainal on \u00f5igus end kaitsta ja ta teeb seda edukalt, j\u00e4\u00e4vad meie \u00f5huruum ja meie kodanike turvalisus meie jaoks peamiseks prioriteediks. Kuid t\u00f5en\u00e4oliselt on see eelk\u00f5ige seotud lahingutegevusega Venemaal endas, sellega, et r\u00fcnnakute alla satuvad sihtm\u00e4rgid, mis asuvad meie piirist eemal,\u00bb \u00fctles Kaunas LRT raadio saates \u00abHommikuh\u00e4\u00e4led\u00bb.<\/p>\n<p data-path-to-node=\"3\">Samuti kinnitas ta, et varem Leedus alla kukkunud mehitamata \u00f5hus\u00f5idukid olid Ukraina aparaadid, mida m\u00f5jutasid Venemaa raadioelektroonilise v\u00f5itluse vahendid.<\/p>\n<p data-path-to-node=\"4\">\u00abPraegu on meil olemas sellised t\u00f5endid ja kinnitused, kuid see ei garanteeri, et Venemaa ei korralda v\u00f5\u00f5ra lipu all provokatsiooni. Ja sellest r\u00e4\u00e4gime samuti ning teeme koost\u00f6\u00f6d nii ukrainlastega, kogudes kogu v\u00f5imalikku luureinfot, kui ka NATO partneritega,\u00bb m\u00e4rkis minister.<\/p>\n<p data-path-to-node=\"5\">Need avaldused j\u00e4rgnesid meedia m\u00f6\u00f6dunudn\u00e4dalastele teadetele sellest, et Leedu s\u00f5jav\u00e4eluurel on andmeid Venemaa v\u00f5imalike plaanide kohta korraldada eksitamise eesm\u00e4rgil r\u00fcnnakuid Balti regioonis asuvale kriitilisele infrastruktuurile, kasutades selleks vahelt l\u00f5igatud Ukraina droone.<\/p>\n<p data-path-to-node=\"6\">Kaunas m\u00e4rkis, et Leedu tugevdab j\u00e4rjekindlalt oma \u00f5huruumi seirev\u00f5imekust \u2014 olemas on radarid, v\u00f5etakse kasutusele akustilised sensors\u00fcsteemid, kaamerad piiril ja muud tuvastusvahendid \u2014, kuid need objektid ei toimi veel \u00fchtse s\u00fcsteemina.<\/p>\n<p data-path-to-node=\"7\">\u00abS\u00fcgisel toimuvad lisahanked, moodustame \u00f5hut\u00f5rjepolgu (\u00d5T), samuti teatasime, et kaalume koost\u00f6\u00f6v\u00f5imalust eesk\u00e4tt L\u00f5una-Koreaga, et saada meile vajalikud s\u00fcsteemid kiiremini k\u00e4tte,\u00bb \u00fctles kaitseminister.<\/p>\n<p data-path-to-node=\"8\">\u00abJa me oleme juba sisse seadnud kommunikatsiooni ning suhtluse Leedu ettev\u00f5tlusega, et kaasata neid Leedus \u00fchtse, sealhulgas tehisintellektil p\u00f5hineva tuvastuss\u00fcsteemi loomisse, millega liidaksime kineetilised v\u00f5imsused,\u00bb lisas ta.<\/p>\n<p data-path-to-node=\"9\">Nagu agentuur BNS varem teatas, hoiatas Venemaa aprillis Balti riike suunal v\u00e4idetavalt Ukrainale antud loa eest kasutada nende \u00f5huruumi l\u00f6\u00f6kide andmiseks Venemaa pihta.<\/p>\n<p data-path-to-node=\"10\">Leedu, L\u00e4ti ja Eesti l\u00fckkasid tol ajal \u00fchisavaldusega s\u00fc\u00fcdistused tagasi, relvaj\u00f5ud aga nimetasid Kreeka teateid dezinformatsiooniks.<\/p>\n<p data-path-to-node=\"11\">Viimastel kuudel on Venemaa tugevdanud r\u00fcnnakuid Ukraina pealinnale raskesti vahelt l\u00f5igatavate ballistiliste rakettidega, samal ajal kui Kiiev osutab \u00f5hut\u00f5rjevahendite nappusele.<\/p>\n","protected":false},"excerpt":{"rendered":"\u00d5huruumirikkumised Balti riikides on lakanud, kuna Ukraina annab l\u00f6\u00f6ke sihtm\u00e4rkide pihta s\u00fcgaval Venemaal, tsiteerib BNS Leedu kaitseministrit Robertas&hellip;\n","protected":false},"author":2,"featured_media":249185,"comment_status":"","ping_status":"","sticky":false,"template":"","format":"standard","meta":{"footnotes":"","_share_on_mastodon":"0"},"categories":[80],"tags":[36845,26,27,37,33,35,34,36,31,32,21,2350,28,29,114,115,95,19,25,23,24,262,22,20,96,30,92,93,94],"class_list":["post-249184","post","type-post","status-publish","format-standard","has-post-thumbnail","category-maailm","tag-balti-riik","tag-breaking-news","tag-breakingnews","tag-ee","tag-eesti","tag-eesti-keel","tag-estonia","tag-estonian","tag-featured-news","tag-featurednews","tag-headlines","tag-kreeka","tag-latest-news","tag-latestnews","tag-lati","tag-leedu","tag-maailm","tag-news","tag-populaarseimad-lood","tag-top-stories","tag-topstories","tag-ukraina","tag-uldised-uudised","tag-uudised","tag-venemaa","tag-viimased-uudised","tag-world","tag-world-news","tag-worldnews"],"share_on_mastodon":{"url":"https:\/\/pubeurope.com\/@ee\/117075251254116164","error":""},"_links":{"self":[{"href":"https:\/\/www.europesays.com\/ee\/wp-json\/wp\/v2\/posts\/249184","targetHints":{"allow":["GET"]}}],"collection":[{"href":"https:\/\/www.europesays.com\/ee\/wp-json\/wp\/v2\/posts"}],"about":[{"href":"https:\/\/www.europesays.com\/ee\/wp-json\/wp\/v2\/types\/post"}],"author":[{"embeddable":true,"href":"https:\/\/www.europesays.com\/ee\/wp-json\/wp\/v2\/users\/2"}],"replies":[{"embeddable":true,"href":"https:\/\/www.europesays.com\/ee\/wp-json\/wp\/v2\/comments?post=249184"}],"version-history":[{"count":0,"href":"https:\/\/www.europesays.com\/ee\/wp-json\/wp\/v2\/posts\/249184\/revisions"}],"wp:featuredmedia":[{"embeddable":true,"href":"https:\/\/www.europesays.com\/ee\/wp-json\/wp\/v2\/media\/249185"}],"wp:attachment":[{"href":"https:\/\/www.europesays.com\/ee\/wp-json\/wp\/v2\/media?parent=249184"}],"wp:term":[{"taxonomy":"category","embeddable":true,"href":"https:\/\/www.europesays.com\/ee\/wp-json\/wp\/v2\/categories?post=249184"},{"taxonomy":"post_tag","embeddable":true,"href":"https:\/\/www.europesays.com\/ee\/wp-json\/wp\/v2\/tags?post=249184"}],"curies":[{"name":"wp","href":"https:\/\/api.w.org\/{rel}","templated":true}]}}