{"id":249390,"date":"2026-08-11T09:50:09","date_gmt":"2026-08-11T09:50:09","guid":{"rendered":"https:\/\/www.europesays.com\/ee\/249390\/"},"modified":"2026-08-11T09:50:09","modified_gmt":"2026-08-11T09:50:09","slug":"sandra-sillamaa-tundub-et-minu-roll-siin-elus-ongi-algatada-bande-vikerraadio","status":"publish","type":"post","link":"https:\/\/www.europesays.com\/ee\/249390\/","title":{"rendered":"Sandra Sillamaa: tundub, et minu roll siin elus ongi algatada b\u00e4nde | Vikerraadio"},"content":{"rendered":"<p>Sandra Sillamaa r\u00e4\u00e4kis Vikerraadios, et tema roll siin elus ongi vist algatada b\u00e4nde. Sillamaa s\u00f5nul on tema \u00fclitihe esinemisgraafik v\u00f5imalik t\u00e4nu sellele, et ta enam ei pidutse ega tarbi alkoholi, on hea ajaplaneerija ja teadlik enesehoidja.<\/p>\n<p>&#8220;Ma olin Viljandi kultuuriakadeemias esimesel kursusel ja P\u00f5lvas oli rahvamuusikat\u00f6\u00f6tluste festival, kuhu ma ka tahtsin minna. M\u00f5tlesin, et v\u00f5tan kambaj\u00f5mmid kaasa. Tundub, et minu roll ongi siin elus algatada asju, algatada b\u00e4nde. Kui ise ei oska mingeid asju nii h\u00e4sti teha, siis v\u00f5ta lihtsalt v\u00e4ga head inimesed kampa. L\u00e4ksime sinna ja v\u00f5itsime selle festivali \u00e4ra. M\u00e4letan, et istusime Viljandis \u00fches retrokohvikus ja m\u00f5tlesime, mis me n\u00fc\u00fcd selle v\u00f5idurahaga teeme,&#8221; meenutas Sandra Sillamaa, kuidas ansambel Paabel s\u00fcndis.<\/p>\n<p>Noored otsustasid edasi tegutseda, sest nad said \u00fcsna kohe ka \u00fchelt V\u00f5ru festivalilt esinemiskutse, et t\u00e4ispika kavaga \u00fcles astuda. &#8220;Meil oli seni ainult kaks lugu ja sealt edasi j\u00e4imegi b\u00e4ndina tegutsema.&#8221;<\/p>\n<p>&#8220;Minu miski on alati olnud teha asju teistmoodi. Mitte just, et kogu aeg pead olema nii erinev, aga et endal oleks kogu aeg p\u00f5nev,&#8221; muheles Sillamaa. &#8220;Meie b\u00e4ndis olid t\u00fc\u00fcbid k\u00f5ik v\u00e4ga erin\u00e4olised, keegi ei piiranud kedagi.&#8221;<\/p>\n<p>Paabelisse kuuluvad lisaks Sandra Sillamaale ka Jaan Jaago, Arno Tamm, Lauri Kadalipp, Tanel Kadalipp ja T\u00f5nu Tubli.<\/p>\n<p>&#8220;Mina algkoosseisus ei olnud ja Lauri Kadalipp ka mitte, tema oli Sandra torupilli\u00f5pilane,&#8221; nentis Jaan Jaago. &#8220;Mina olin alates esimesest Paabeli kontserdist kohe b\u00e4ndi tohutu f\u00e4nn.&#8221;<\/p>\n<p>Sillamaa meenutas, et nad tegid omal ajal v\u00e4ga palju b\u00e4ndilaagreid. &#8220;Olime kas minu ema juures maal v\u00f5i siis hiljem bassist Tanel Kadalipu juures maakodus. Marineerisime koos, me olime ka s\u00f5brad, kellelgi veel lapsi ei olnud, tiksusime koos, panime pidu ja tegime lollusi,&#8221; meenutas Sillamaa.<\/p>\n<p>Jaago s\u00f5nul tekkisid hiljem k\u00f5igil omad elud, koliti Viljandist ka \u00e4ra. &#8220;Tulid pered, lapsed ja muud tegemised. Mis oli ka p\u00f5hjus, miks me vahepeal b\u00e4ndi tegevuse katki j\u00e4tsime,&#8221; s\u00f5nas Jaago.<\/p>\n<p>21. augustil ilmub ansamblil Paabel album &#8220;Ajatu&#8221;.<\/p>\n<p>&#8220;See k\u00f5ik tuleb pidutsemise ja alkoholi arvelt, kuna ma seda enam ei tee, siis on aega k\u00fcll ja veel. Tegelikult tuleb see ka hea planeerimise ja v\u00e4ga teadliku enesehoiu arvelt. Unetunnid ja trennid on ikkagi A ja O, siis j\u00f5uab ka k\u00f5ike muud teha. Kui sealt lasta lappesse, siis ei jaksa,&#8221; nentis Sillamaa. &#8220;\u00dcks mu kriteerium on see, et laste arvelt pole ma n\u00f5us midagi rohkem vastu v\u00f5tma.&#8221;<\/p>\n<p><img decoding=\"async\" data-photo-id=\"350959\" src=\"https:\/\/www.europesays.com\/ee\/wp-content\/uploads\/2026\/08\/350959h9e4ft24.jpg\"\/>Ansambel Paabel Autor\/allikas: Pressimaterjalid<\/p>\n","protected":false},"excerpt":{"rendered":"Sandra Sillamaa r\u00e4\u00e4kis Vikerraadios, et tema roll siin elus ongi vist algatada b\u00e4nde. Sillamaa s\u00f5nul on tema \u00fclitihe&hellip;\n","protected":false},"author":2,"featured_media":249391,"comment_status":"","ping_status":"","sticky":false,"template":"","format":"standard","meta":{"footnotes":"","_share_on_mastodon":"0"},"categories":[16],"tags":[37,33,35,173,34,36,98153,140,98152,205],"class_list":["post-249390","post","type-post","status-publish","format-standard","has-post-thumbnail","category-meelelahutus","tag-ee","tag-eesti","tag-eesti-keel","tag-entertainment","tag-estonia","tag-estonian","tag-jaan-jaago","tag-meelelahutus","tag-paabel","tag-sandra-sillamaa"],"share_on_mastodon":{"url":"https:\/\/pubeurope.com\/@ee\/117076258315729819","error":""},"_links":{"self":[{"href":"https:\/\/www.europesays.com\/ee\/wp-json\/wp\/v2\/posts\/249390","targetHints":{"allow":["GET"]}}],"collection":[{"href":"https:\/\/www.europesays.com\/ee\/wp-json\/wp\/v2\/posts"}],"about":[{"href":"https:\/\/www.europesays.com\/ee\/wp-json\/wp\/v2\/types\/post"}],"author":[{"embeddable":true,"href":"https:\/\/www.europesays.com\/ee\/wp-json\/wp\/v2\/users\/2"}],"replies":[{"embeddable":true,"href":"https:\/\/www.europesays.com\/ee\/wp-json\/wp\/v2\/comments?post=249390"}],"version-history":[{"count":0,"href":"https:\/\/www.europesays.com\/ee\/wp-json\/wp\/v2\/posts\/249390\/revisions"}],"wp:featuredmedia":[{"embeddable":true,"href":"https:\/\/www.europesays.com\/ee\/wp-json\/wp\/v2\/media\/249391"}],"wp:attachment":[{"href":"https:\/\/www.europesays.com\/ee\/wp-json\/wp\/v2\/media?parent=249390"}],"wp:term":[{"taxonomy":"category","embeddable":true,"href":"https:\/\/www.europesays.com\/ee\/wp-json\/wp\/v2\/categories?post=249390"},{"taxonomy":"post_tag","embeddable":true,"href":"https:\/\/www.europesays.com\/ee\/wp-json\/wp\/v2\/tags?post=249390"}],"curies":[{"name":"wp","href":"https:\/\/api.w.org\/{rel}","templated":true}]}}