{"id":249398,"date":"2026-08-11T09:54:11","date_gmt":"2026-08-11T09:54:11","guid":{"rendered":"https:\/\/www.europesays.com\/ee\/249398\/"},"modified":"2026-08-11T09:54:11","modified_gmt":"2026-08-11T09:54:11","slug":"trump-allkirjastas-korralduse-vaktsineerimise-piiramiseks-viidates-kummutatud-autismivaidetele","status":"publish","type":"post","link":"https:\/\/www.europesays.com\/ee\/249398\/","title":{"rendered":"Trump allkirjastas korralduse vaktsineerimise piiramiseks, viidates kummutatud autismiv\u00e4idetele"},"content":{"rendered":"<p>Korraldus soovitab piirata lastele soovitatavate vaktsiinide arvu ja vaktsiinidele erinevate tasemete kehtestamist nii, et osa oleks soovituslikud k\u00f5igile lastele ja teised ainult neile, kes on suuremas ohus, vahendab CBS News.<\/p>\n<p>Kaitses\u00fcstid respiratoor-s\u00fcnts\u00fctiaalviiruse ning hepatiit A ja B vastu on n\u00e4ited vaktsiinidest, mida soovitatakse Trumpi korralduse j\u00e4rgi ainult suure riskiga lastele.<\/p>\n<p>Korralduses soovitatakse, et leetrite, mumpsi ja punetiste vastu <a rel=\"noopener nofollow\" target=\"_blank\" href=\"https:\/\/www.delfi.ee\/teema\/96849282\/vaktsineerimine-1\" tag-id=\"96849282\">vaktsineerimine<\/a> tuleks jagada kolmeks erinevaks vaktsineerimiseks ning kui v\u00f5imalik, tuleks lapsi vaktsineerida eraldi visiitidel. USA-s ei ole neid vaktsiine praegu eraldi saadaval.<\/p>\n<p>Trumpi soovitused teevad l\u00f5pu aastak\u00fcmneid kehtinud f\u00f6deraalsetele soovitustele selle kohta, milliseid vaktsiine lastele manustada. Ameerika Pediaatriaakadeemia (AAP) nimetas korraldust heidutavaks ja ohtlikuks.<\/p>\n<p>Korraldusega antakse USA tervishoiuministeeriumile k\u00e4sk hinnata 90 p\u00e4eva jooksul \u00fcmber vanksiinide manustamise j\u00e4rjestus ja ajastus.<\/p>\n<p>Korralduses autismi ei mainita, k\u00fcll aga mainis seda Trump ja korduvalt.<\/p>\n<p>\u201eT\u00e4na teeme me uhkusega teatavaks Ameerika \u00dchendriikide laste vaktsineerimise soovituste kuldstandardi ja see on seotud paljude asjadega, aga sealhulgas eriti autismiga,\u201c kuulutas Trump Valge Maja Ovaalkabinetis. \u201eAastak\u00fcmneid tagasi said lapsed vaid v\u00e4ikese osa nendest vaktsiinidest, mida n\u00f5utakse t\u00e4na. Nendel aegadel olid inimesed palju tervemad ja loomulikult ei olnud autismi sellist suurt levikut nagu praegu t\u00e4heldatakse, olemas. Nii et autismi sellisele epideemilisele levikule on p\u00f5hjus. Ja me kavatseme tuua selle palju l\u00e4hemale sellele, kus see oli. Kuigi me ei tea t\u00e4pselt, mis autismi p\u00f5hjus on, on meie uuringute jaoks h\u00e4davajalik, et meil oleks k\u00f5ige paremad vaktsiinisoovitused kogu maailmas. Nii et me v\u00e4hendame neid, me muudame selle visiitideks aastase perioodi jooksul, aasta ja poole, et nad saaksid 20% sellest, mida nad oleksid saanud \u00fche suure s\u00fcstiga.\u201c<\/p>\n<p>Mingeid t\u00f5endeid Trump oma v\u00e4idetele loomulikult ei esitanud.<\/p>\n<p>Teadusuuringud ei ole leidnud mingeid t\u00f5endeid autismi suurema leviku kohta vaktsineeritute hulgas. Vaktsiinide ohutust kontrollitakse hoolikalt. Uuringud n\u00e4itavad, et autismi juures m\u00e4ngib rolli geneetika. USA Riikliku Terviseinstituudi (NIH) andmetel on autismi m\u00f5ned v\u00f5imalikud riskitegurid s\u00fcnnieelne kokkupuude pestitsiidide v\u00f5i \u00f5hureostusega, \u00e4\u00e4rmine enneaegsus v\u00f5i madal s\u00fcnnikaal, ema teatud terviseprobleemid v\u00f5i vanemate k\u00f5rge iga.<\/p>\n<p>USA tervishoiuminister <a rel=\"noopener nofollow\" target=\"_blank\" href=\"https:\/\/www.delfi.ee\/teema\/96856157\/robert-f-kennedy-juunior\" tag-id=\"96856157\">Robert F. Kennedy juunior<\/a> teatas, et valmistatakse ette uusi algatusi, mis keskenduvad autismi alusp\u00f5hjustele ja bioloogiale.<\/p>\n<p>\u201eMe uurime iga bioloogiliselt v\u00f5imalikku h\u00fcpoteesi ega j\u00e4ta \u00fchtki \u00f5igustatud teaduslikku k\u00fcsimust uurimata,\u201c lubas Kennedy.<\/p>\n<p>Trump lubas, et tema administratsiooni autismiuuringutest \u201eei saa midagi halba juhtuda\u201c.<\/p>\n<p>AAP vaidlustas paljud presidendi v\u00e4ited ja teatas, et tema korraldus k\u00fclvab segadust, mist\u00f5ttu hakkab rohkem inimesi vaktsiinide t\u00e4htsuses kahtlema.<\/p>\n<p>\u201eEi ole uusi t\u00f5endeid laste immuniseerimise juhiste oluliste muudatuste \u00f5igustamiseks. K\u00fcmned uuringud, mis on h\u00f5lmanud miljoneid inimesi, n\u00e4itavad, et ei ole seost vaktsiinide ja autismi vahel, ning ikkagi j\u00e4tkavad f\u00f6deraalsed liidrid selle vananenud ja kummutatud arvamuse propageerimist, et perekondi hirmutada,\u201c teatas oma avalduses AAP president dr Andrew Racine. \u201eS\u00fcstide edasil\u00fckkamine v\u00f5i vahelej\u00e4tmine on ohtlik, eriti kui leetrid levivad j\u00e4tkuvalt ja lapsed l\u00e4hevad tagasi kooli.\u201c<\/p>\n<p>Trumpi korralduse m\u00f5istis X-is hukka ka vabariiklasest senaator Bill Cassidy, kes on elukutselt arst.<\/p>\n<p>\u201eMa olen arst. See t\u00e4idesaatev korraldus on vale,\u201c kirjutas Cassidy. \u201ePresidendil ei ole teadmisi nende muudatuste tegemiseks. Vaktsiinid on \u00fclekaalukalt ohutud. Vaktsiinid on t\u00f5husad. Vaktsiinid EI P\u00d5HJUSTA autismi. Vaktsiinide osadeks jaotamine t\u00e4hendab, et lapsed peavad saama rohkem s\u00fcste, et saada sama kaitse, mitte v\u00e4hem s\u00fcste. See suurendab k\u00f5hklemist ja seab lapsed suuremasse ohtu. Vanemad peaksid kuulama vaktsiinide kohta oma lapse arsti, mitte ebat\u00e4pset t\u00e4idesaatvat korraldust. See on nii vale.\u201c<\/p>\n<p>Kuidas see lugu Sind end tundma pani?Saada<a href=\"https:\/\/www.delfi.ee\/artikkel\/120602963\/trump-allkirjastas-korralduse-vaktsineerimise-piiramiseks-viidates-kummutatud-autismivaidetele\/kommentaarid\" class=\"button button--primary button--size-auto article-body-bottom__comment article-body-bottom__comment--write\" style=\"\" rel=\"nofollow noopener\" target=\"_blank\">Kommenteeri<\/a><a href=\"https:\/\/www.delfi.ee\/artikkel\/120602963\/trump-allkirjastas-korralduse-vaktsineerimise-piiramiseks-viidates-kummutatud-autismivaidetele\/kommentaarid\" class=\"button button--size-auto article-body-bottom__comment article-body-bottom__comment--read\" style=\"\" rel=\"nofollow noopener\" target=\"_blank\">Loe kommentaare (8)<\/a><\/p>\n","protected":false},"excerpt":{"rendered":"Korraldus soovitab piirata lastele soovitatavate vaktsiinide arvu ja vaktsiinidele erinevate tasemete kehtestamist nii, et osa oleks soovituslikud k\u00f5igile&hellip;\n","protected":false},"author":2,"featured_media":249399,"comment_status":"","ping_status":"","sticky":false,"template":"","format":"standard","meta":{"footnotes":"","_share_on_mastodon":"0"},"categories":[12],"tags":[2540,26,27,324,37,33,35,34,36,31,32,21,47427,28,29,19,25,1893,23,24,22,325,20,570,1177,30],"class_list":["post-249398","post","type-post","status-publish","format-standard","has-post-thumbnail","category-eesti","tag-autism","tag-breaking-news","tag-breakingnews","tag-donald-trump","tag-ee","tag-eesti","tag-eesti-keel","tag-estonia","tag-estonian","tag-featured-news","tag-featurednews","tag-headlines","tag-laste-vaktsineerimine","tag-latest-news","tag-latestnews","tag-news","tag-populaarseimad-lood","tag-robert-f-kennedy-juunior","tag-top-stories","tag-topstories","tag-uldised-uudised","tag-usa","tag-uudised","tag-vaktsineerimine","tag-valge-maja-usa","tag-viimased-uudised"],"share_on_mastodon":{"url":"https:\/\/pubeurope.com\/@ee\/117076273804327840","error":""},"_links":{"self":[{"href":"https:\/\/www.europesays.com\/ee\/wp-json\/wp\/v2\/posts\/249398","targetHints":{"allow":["GET"]}}],"collection":[{"href":"https:\/\/www.europesays.com\/ee\/wp-json\/wp\/v2\/posts"}],"about":[{"href":"https:\/\/www.europesays.com\/ee\/wp-json\/wp\/v2\/types\/post"}],"author":[{"embeddable":true,"href":"https:\/\/www.europesays.com\/ee\/wp-json\/wp\/v2\/users\/2"}],"replies":[{"embeddable":true,"href":"https:\/\/www.europesays.com\/ee\/wp-json\/wp\/v2\/comments?post=249398"}],"version-history":[{"count":0,"href":"https:\/\/www.europesays.com\/ee\/wp-json\/wp\/v2\/posts\/249398\/revisions"}],"wp:featuredmedia":[{"embeddable":true,"href":"https:\/\/www.europesays.com\/ee\/wp-json\/wp\/v2\/media\/249399"}],"wp:attachment":[{"href":"https:\/\/www.europesays.com\/ee\/wp-json\/wp\/v2\/media?parent=249398"}],"wp:term":[{"taxonomy":"category","embeddable":true,"href":"https:\/\/www.europesays.com\/ee\/wp-json\/wp\/v2\/categories?post=249398"},{"taxonomy":"post_tag","embeddable":true,"href":"https:\/\/www.europesays.com\/ee\/wp-json\/wp\/v2\/tags?post=249398"}],"curies":[{"name":"wp","href":"https:\/\/api.w.org\/{rel}","templated":true}]}}