{"id":249428,"date":"2026-08-11T10:26:34","date_gmt":"2026-08-11T10:26:34","guid":{"rendered":"https:\/\/www.europesays.com\/ee\/249428\/"},"modified":"2026-08-11T10:26:34","modified_gmt":"2026-08-11T10:26:34","slug":"pariisi-sopaga-ule-valanud-venemaa-ujuja-palus-hiljem-polvitades-andestust","status":"publish","type":"post","link":"https:\/\/www.europesays.com\/ee\/249428\/","title":{"rendered":"Pariisi sopaga \u00fcle valanud Venemaa ujuja palus hiljem p\u00f5lvitades andestust"},"content":{"rendered":"<p>Nagu k\u00f5ik avaveeujujad, v\u00f5istles ka Stepanov Pariisis Seine&#8217;i j\u00f5es. EM ei l\u00e4inud tal kuigi h\u00e4sti: 5 km distantsil piirdus ta 20. kohaga, 3 km v\u00e4ljalangemisujumises l\u00f5ppes tema etteaste juba 1500 meetri j\u00e4rel.<\/p>\n<p>P\u00e4rast v\u00f5istlust oli Stepanov pahane. Ta kritiseeris iseennast ning v\u00f5ttis ette ka Pariisi.<\/p>\n<p>\u00abLootsin siit maitsvat toitu, aga ei saanud. Igal pool haiseb uriini ja pr\u00fcgi j\u00e4rele. Tahtsin j\u00f5uda Pariisi katakombidesse, aga ei saa sinnagi. Eiffeli torni all jooksevad rotid ringi,\u00bb loetles ta asju, mis teda h\u00e4irivad, vahendab TASS.<\/p>\n<p>Stepanov j\u00e4tkas: \u00abTunnen end riikliku h\u00e4biplekina. Ma ei saanud hakkama. Esimest korda tunnen, et mitte miski ei tulnud v\u00e4lja.\u00bb<\/p>\n<p>S\u00e4\u00e4rane s\u00f5nav\u00f5tt Pariisi kohta ajas inimesed sotsiaalmeedias tagajalgele. Nii otsustas Stepanov, et m\u00f5istlik oleks j\u00e4lgijate ees vabandada. Kuid mitte niisama, vaid palus andestust p\u00f5lvitades, s\u00e4ilitades samal ajal \u00fclbuse.<\/p>\n<p>\u00ab\u00dctlesin eile, et siin haiseb uriini j\u00e4rele ja toit pole parim. Laskun k\u00f5igi tugitoolikriitikute ja t\u00fchikargajate ees p\u00f5lvili. Palun andestage mulle, et julgesin seda \u00f6elda. V\u00f5tan k\u00f5ik s\u00f5nad tagasi,\u00bb lausus Stepanov ja lisas, et soovitab k\u00f5igil Pariisi k\u00fclastada, et veenduda, et r\u00e4\u00e4kis t\u00f5tt.<\/p>\n","protected":false},"excerpt":{"rendered":"Nagu k\u00f5ik avaveeujujad, v\u00f5istles ka Stepanov Pariisis Seine&#8217;i j\u00f5es. EM ei l\u00e4inud tal kuigi h\u00e4sti: 5 km distantsil&hellip;\n","protected":false},"author":2,"featured_media":249429,"comment_status":"","ping_status":"","sticky":false,"template":"","format":"standard","meta":{"footnotes":"","_share_on_mastodon":"0"},"categories":[80],"tags":[98162,26,27,37,33,35,34,36,31,32,21,28,29,95,19,125,25,23,24,28681,22,20,96,30,92,93,94],"class_list":["post-249428","post","type-post","status-publish","format-standard","has-post-thumbnail","category-maailm","tag-aleksandr-stepanov","tag-breaking-news","tag-breakingnews","tag-ee","tag-eesti","tag-eesti-keel","tag-estonia","tag-estonian","tag-featured-news","tag-featurednews","tag-headlines","tag-latest-news","tag-latestnews","tag-maailm","tag-news","tag-pariis","tag-populaarseimad-lood","tag-top-stories","tag-topstories","tag-ujumise-em","tag-uldised-uudised","tag-uudised","tag-venemaa","tag-viimased-uudised","tag-world","tag-world-news","tag-worldnews"],"share_on_mastodon":{"url":"https:\/\/pubeurope.com\/@ee\/117076399729081946","error":""},"_links":{"self":[{"href":"https:\/\/www.europesays.com\/ee\/wp-json\/wp\/v2\/posts\/249428","targetHints":{"allow":["GET"]}}],"collection":[{"href":"https:\/\/www.europesays.com\/ee\/wp-json\/wp\/v2\/posts"}],"about":[{"href":"https:\/\/www.europesays.com\/ee\/wp-json\/wp\/v2\/types\/post"}],"author":[{"embeddable":true,"href":"https:\/\/www.europesays.com\/ee\/wp-json\/wp\/v2\/users\/2"}],"replies":[{"embeddable":true,"href":"https:\/\/www.europesays.com\/ee\/wp-json\/wp\/v2\/comments?post=249428"}],"version-history":[{"count":0,"href":"https:\/\/www.europesays.com\/ee\/wp-json\/wp\/v2\/posts\/249428\/revisions"}],"wp:featuredmedia":[{"embeddable":true,"href":"https:\/\/www.europesays.com\/ee\/wp-json\/wp\/v2\/media\/249429"}],"wp:attachment":[{"href":"https:\/\/www.europesays.com\/ee\/wp-json\/wp\/v2\/media?parent=249428"}],"wp:term":[{"taxonomy":"category","embeddable":true,"href":"https:\/\/www.europesays.com\/ee\/wp-json\/wp\/v2\/categories?post=249428"},{"taxonomy":"post_tag","embeddable":true,"href":"https:\/\/www.europesays.com\/ee\/wp-json\/wp\/v2\/tags?post=249428"}],"curies":[{"name":"wp","href":"https:\/\/api.w.org\/{rel}","templated":true}]}}