{"id":249440,"date":"2026-08-11T10:37:15","date_gmt":"2026-08-11T10:37:15","guid":{"rendered":"https:\/\/www.europesays.com\/ee\/249440\/"},"modified":"2026-08-11T10:37:15","modified_gmt":"2026-08-11T10:37:15","slug":"suuria-endine-diktaator-bashar-al-assad-moisteti-kohtus-tagaselja-surma","status":"publish","type":"post","link":"https:\/\/www.europesays.com\/ee\/249440\/","title":{"rendered":"S\u00fc\u00fcria endine diktaator Bashar al-Assad m\u00f5isteti kohtus tagaselja surma"},"content":{"rendered":"<p><a rel=\"noopener nofollow\" target=\"_blank\" href=\"https:\/\/www.delfi.ee\/teema\/61517332\/damaskus\" tag-id=\"61517332\">Damaskuse<\/a> kriminaalkohus leidis, et 2014. aastal kukutatud ja n\u00fc\u00fcd <a rel=\"noopener nofollow\" target=\"_blank\" href=\"https:\/\/www.delfi.ee\/teema\/3\/venemaa\" tag-id=\"3\">Venemaal<\/a> maapaos elav Assad on s\u00fc\u00fcdi ettekavatsetud m\u00f5rvas, piinamises ja kuritegudes inimsuse vastu, vahendab Al Jazeera.<\/p>\n<p>Samuti Venemaal elav Maher al-Assad m\u00f5istati s\u00fc\u00fcdi ettekavatsetud m\u00f5rvas ja piinamises.<\/p>\n<p>S\u00fc\u00fcria l\u00f5unaosa Deraa provintsi poliitilise julgeoleku endine \u00fclem, kes surus 2011. aastal veriselt maha meeleavaldused, mis viis \u00fclest\u00f5usu ja kodus\u00f5jani, m\u00f5isteti s\u00fc\u00fcdi kuritegudes inimsuse vastu. Erinevalt vendadest Assaditest vahistati tema mullu jaanuaris ja kuulas surmaotsust kohtusaali puurist. Tema kuritegude hulgas on kohtu teatel alla 15-aastaste laste tahtlik tapmine ja surmani viinud piinamine.<\/p>\n<p>Tegemist oli esimeste kohtuotsustega endise re\u017eiimi tegelaste \u00fcle.<\/p>\n<p>Kohtunik Al-Aryan \u00fctles, et tunnistajate \u00fctluste j\u00e4rgi tehti kindlaks endise presidendi roll kuritegudes k\u00f5rgeima otsuste langetajana ning see, et ta kasutas riigiinstitutsioone nende elluviimiseks.<\/p>\n<p>Kuidas see lugu Sind end tundma pani?Saada<a href=\"https:\/\/www.delfi.ee\/artikkel\/120602987\/suuria-endine-diktaator-bashar-al-assad-moisteti-kohtus-tagaselja-surma\/kommentaarid\" class=\"button button--primary button--size-auto article-body-bottom__comment article-body-bottom__comment--write\" style=\"\" rel=\"nofollow noopener\" target=\"_blank\">Kommenteeri<\/a><a href=\"https:\/\/www.delfi.ee\/artikkel\/120602987\/suuria-endine-diktaator-bashar-al-assad-moisteti-kohtus-tagaselja-surma\/kommentaarid\" class=\"button button--size-auto article-body-bottom__comment article-body-bottom__comment--read\" style=\"\" rel=\"nofollow noopener\" target=\"_blank\">Loe kommentaare (8)<\/a><\/p>\n","protected":false},"excerpt":{"rendered":"Damaskuse kriminaalkohus leidis, et 2014. aastal kukutatud ja n\u00fc\u00fcd Venemaal maapaos elav Assad on s\u00fc\u00fcdi ettekavatsetud m\u00f5rvas, piinamises&hellip;\n","protected":false},"author":2,"featured_media":249441,"comment_status":"","ping_status":"","sticky":false,"template":"","format":"standard","meta":{"footnotes":"","_share_on_mastodon":"0"},"categories":[80],"tags":[9128,26,27,36298,37,33,35,34,36,31,32,21,28,29,95,19,25,1604,23,24,22,20,96,30,92,93,94],"class_list":["post-249440","post","type-post","status-publish","format-standard","has-post-thumbnail","category-maailm","tag-bashar-al-assad","tag-breaking-news","tag-breakingnews","tag-damaskus","tag-ee","tag-eesti","tag-eesti-keel","tag-estonia","tag-estonian","tag-featured-news","tag-featurednews","tag-headlines","tag-latest-news","tag-latestnews","tag-maailm","tag-news","tag-populaarseimad-lood","tag-suuria","tag-top-stories","tag-topstories","tag-uldised-uudised","tag-uudised","tag-venemaa","tag-viimased-uudised","tag-world","tag-world-news","tag-worldnews"],"share_on_mastodon":{"url":"https:\/\/pubeurope.com\/@ee\/117076442869821067","error":""},"_links":{"self":[{"href":"https:\/\/www.europesays.com\/ee\/wp-json\/wp\/v2\/posts\/249440","targetHints":{"allow":["GET"]}}],"collection":[{"href":"https:\/\/www.europesays.com\/ee\/wp-json\/wp\/v2\/posts"}],"about":[{"href":"https:\/\/www.europesays.com\/ee\/wp-json\/wp\/v2\/types\/post"}],"author":[{"embeddable":true,"href":"https:\/\/www.europesays.com\/ee\/wp-json\/wp\/v2\/users\/2"}],"replies":[{"embeddable":true,"href":"https:\/\/www.europesays.com\/ee\/wp-json\/wp\/v2\/comments?post=249440"}],"version-history":[{"count":0,"href":"https:\/\/www.europesays.com\/ee\/wp-json\/wp\/v2\/posts\/249440\/revisions"}],"wp:featuredmedia":[{"embeddable":true,"href":"https:\/\/www.europesays.com\/ee\/wp-json\/wp\/v2\/media\/249441"}],"wp:attachment":[{"href":"https:\/\/www.europesays.com\/ee\/wp-json\/wp\/v2\/media?parent=249440"}],"wp:term":[{"taxonomy":"category","embeddable":true,"href":"https:\/\/www.europesays.com\/ee\/wp-json\/wp\/v2\/categories?post=249440"},{"taxonomy":"post_tag","embeddable":true,"href":"https:\/\/www.europesays.com\/ee\/wp-json\/wp\/v2\/tags?post=249440"}],"curies":[{"name":"wp","href":"https:\/\/api.w.org\/{rel}","templated":true}]}}