{"id":249502,"date":"2026-08-11T11:44:12","date_gmt":"2026-08-11T11:44:12","guid":{"rendered":"https:\/\/www.europesays.com\/ee\/249502\/"},"modified":"2026-08-11T11:44:12","modified_gmt":"2026-08-11T11:44:12","slug":"venemaa-suuruselt-kolmas-linn-suleti-putini-visiidi-ajaks-valismaa","status":"publish","type":"post","link":"https:\/\/www.europesays.com\/ee\/249502\/","title":{"rendered":"Venemaa suuruselt kolmas linn suleti Putini visiidi ajaks | V\u00e4lismaa"},"content":{"rendered":"<p>Venemaa linna Novosibirski elanikel paluti president Vladimir Putini autokolonni l\u00e4bis\u00f5idu ajal p\u00fcsida siseruumides, hoida akendest eemale ning v\u00e4ltida elektroonika- ja optikaseadmete kasutamist.<\/p>\n<p>Piirangud kehtestati teisip\u00e4eval Putini Siberi-visiidi ajal, teatas The Moscow Times. Kinnisvarahaldusettev\u00f5tte saadetud teates paluti Bol\u0161evistskaja t\u00e4nava \u00e4\u00e4rsete majade elanikel presidendi kolonni m\u00f6\u00f6dumise ajal hoonetest v\u00e4ljaminekust hoiduda.<\/p>\n<p>Samasugused juhised said ka Novosibirski Riikliku \u00dclikooli \u00fchiselamutes viibivad \u00fcli\u00f5pilased. Liikumist \u00fclikoolilinnakus piirati ning teadus- ja hariduskeskuse uute hoonete l\u00e4hedusse ilmusid t\u00f5kked, mida tavaliselt kasutatakse meeleavalduste ohjeldamiseks.<\/p>\n<p>Elektrit\u00f5ukerataste renti piirati samuti suuremas osas Akademgorodokist (Novosibirski akadeemilisest linnaosast) ja mitmel kesklinna t\u00e4naval. Kohaliku meedia teatel m\u00e4\u00e4rasid t\u00f5ukerattarentijad ulatuslikud alad s\u00f5idu- ja parkimiskeelutsoonideks.<\/p>\n<p>Putin saabus Novosibirskisse \u00f6\u00f6l vastu 11. augustit. Politseinikud hakkasid tema eeldataval teekonnal positsioone v\u00f5tma esmasp\u00e4eva \u00f5htul, seistes umbes 50-meetriste vahedega. Novosibirski kesklinna l\u00e4hedal asuva peat\u00e4nava, Bol\u0161evistskaja t\u00e4nava \u00e4\u00e4res t\u00e4heldati samuti hulgaliselt politseinikke.<\/p>\n<p>Kohalike teadete kohaselt kiirustasid munitsipaalt\u00f6\u00f6tajad enne visiiti teekatteid vahetama, k\u00f5nniteid ja hoonefassaade remontima ning v\u00e4rsket muru paigaldama.<\/p>\n<p>Kava kohaselt k\u00fclastab Putin l\u00e4hedalasuvas Koltsovo teaduslinnakus asuvat Siberi ringikujulist fotooniallikat SKIF ja \u00fclikoolilinnakut Akademgorodokis.<\/p>\n<p>SKIF on mahukas teaduskompleks, mis on ehitatud s\u00fcnkrotronkiirguse allika \u00fcmber ning m\u00f5eldud f\u00fc\u00fcsika-, keemia-, bioloogia- ja materjaliteaduste uuringute toetamiseks.<\/p>\n<p>Teisip\u00e4evane s\u00f5it oli Putini esimene visiit Novosibirskisse alates 2018. aastast.<\/p>\n<p>Visiit toimus Venemaa presidendi regionaalsete s\u00f5itude sarja raames p\u00e4rast mitut kuud, mil ta reisis harva v\u00e4ljapoole Moskvat ja Peterburi. Viimastel n\u00e4dalatel on ta k\u00fclastanud ka Kaasani, Irkutskit, Omskit, Krasnojarskit ja Ulan-Udet.<\/p>\n<p>Novosibirsk\u00a0on elanike arvult\u00a0Venemaa\u00a0kolmas linn, kus elab \u00fcle 1,6 miljoni elaniku.<\/p>\n","protected":false},"excerpt":{"rendered":"Venemaa linna Novosibirski elanikel paluti president Vladimir Putini autokolonni l\u00e4bis\u00f5idu ajal p\u00fcsida siseruumides, hoida akendest eemale ning v\u00e4ltida&hellip;\n","protected":false},"author":2,"featured_media":249503,"comment_status":"","ping_status":"","sticky":false,"template":"","format":"standard","meta":{"footnotes":"","_share_on_mastodon":"0"},"categories":[80],"tags":[26,27,37,33,35,34,36,31,32,21,28,29,95,19,73457,25,3738,23,24,22,20,96,30,661,92,93,94],"class_list":["post-249502","post","type-post","status-publish","format-standard","has-post-thumbnail","category-maailm","tag-breaking-news","tag-breakingnews","tag-ee","tag-eesti","tag-eesti-keel","tag-estonia","tag-estonian","tag-featured-news","tag-featurednews","tag-headlines","tag-latest-news","tag-latestnews","tag-maailm","tag-news","tag-novosibirsk","tag-populaarseimad-lood","tag-putin","tag-top-stories","tag-topstories","tag-uldised-uudised","tag-uudised","tag-venemaa","tag-viimased-uudised","tag-vladimir-putin","tag-world","tag-world-news","tag-worldnews"],"share_on_mastodon":{"url":"https:\/\/pubeurope.com\/@ee\/117076706225963179","error":""},"_links":{"self":[{"href":"https:\/\/www.europesays.com\/ee\/wp-json\/wp\/v2\/posts\/249502","targetHints":{"allow":["GET"]}}],"collection":[{"href":"https:\/\/www.europesays.com\/ee\/wp-json\/wp\/v2\/posts"}],"about":[{"href":"https:\/\/www.europesays.com\/ee\/wp-json\/wp\/v2\/types\/post"}],"author":[{"embeddable":true,"href":"https:\/\/www.europesays.com\/ee\/wp-json\/wp\/v2\/users\/2"}],"replies":[{"embeddable":true,"href":"https:\/\/www.europesays.com\/ee\/wp-json\/wp\/v2\/comments?post=249502"}],"version-history":[{"count":0,"href":"https:\/\/www.europesays.com\/ee\/wp-json\/wp\/v2\/posts\/249502\/revisions"}],"wp:featuredmedia":[{"embeddable":true,"href":"https:\/\/www.europesays.com\/ee\/wp-json\/wp\/v2\/media\/249503"}],"wp:attachment":[{"href":"https:\/\/www.europesays.com\/ee\/wp-json\/wp\/v2\/media?parent=249502"}],"wp:term":[{"taxonomy":"category","embeddable":true,"href":"https:\/\/www.europesays.com\/ee\/wp-json\/wp\/v2\/categories?post=249502"},{"taxonomy":"post_tag","embeddable":true,"href":"https:\/\/www.europesays.com\/ee\/wp-json\/wp\/v2\/tags?post=249502"}],"curies":[{"name":"wp","href":"https:\/\/api.w.org\/{rel}","templated":true}]}}