{"id":249522,"date":"2026-08-11T12:06:09","date_gmt":"2026-08-11T12:06:09","guid":{"rendered":"https:\/\/www.europesays.com\/ee\/249522\/"},"modified":"2026-08-11T12:06:09","modified_gmt":"2026-08-11T12:06:09","slug":"leedu-katoliku-preestrit-suudistatakse-23-aastat-kestnud-laste-seksuaalses-kuritarvitamises","status":"publish","type":"post","link":"https:\/\/www.europesays.com\/ee\/249522\/","title":{"rendered":"Leedu katoliku preestrit s\u00fc\u00fcdistatakse 23 aastat kestnud laste seksuaalses kuritarvitamises"},"content":{"rendered":"<p>Vilniuse ringkonnaprokuratuuri peaprokur\u00f6r Justas Laucius \u00fctles, et preestrile on esitatud s\u00fc\u00fcdistus 34 tahtlikus, t\u00f5sises ja v\u00e4ga t\u00f5sises kuriteos, mille hulgas on seksuaalne kallaletung alaealisele, ja teda \u00e4hvardab kuni 15-aastane vanglakaristus, vahendab LRT.<\/p>\n<p>Preestrit s\u00fc\u00fcdistatakse alaealist kujutava pornograafilise materjali omamises, lapse alkoholi tarbimisele kallutamises, lapse kasutamises pornograafia valmistamiseks ja alla 16-aastase isiku pilastamises.<\/p>\n<p>Veel s\u00fc\u00fcdistatakse preestrit sugutungi rahuldamises alaealise seksuaalset enesem\u00e4\u00e4ramis\u00f5igust rikkudes tasu eest ja alaealiste v\u00e4gistamises.<\/p>\n<p>Enamik kuritegusid on toime pandud <a rel=\"noopener nofollow\" target=\"_blank\" href=\"https:\/\/www.delfi.ee\/teema\/63412118\/katoliku-kirik\" tag-id=\"63412118\">katoliku kirikule<\/a> kuulunud preestri elukohtades Leedu kuues erinevas piirkonnas.<\/p>\n<p>Ohvritena on tuvastatud 11 isikut, kes olid 12-18 aastat vanad.<\/p>\n<p>Lauciuse s\u00f5nul on s\u00fc\u00fcdistatavalt v\u00f5etud allkiri Leedust mittelahkumise kohta ning hoiule on v\u00f5etud tema pass.<\/p>\n<p>Lauciuse teatel on see juhtum seotud teisega, mis l\u00e4ks kohtusse t\u00e4navu juunis. Teist Vilniuse peapiiskopkonnas t\u00f6\u00f6tanud preestrit s\u00fc\u00fcdistatakse <a rel=\"noopener nofollow\" target=\"_blank\" href=\"https:\/\/www.delfi.ee\/teema\/59664130\/lapsporno\" tag-id=\"59664130\">lapsporno<\/a> omamises.<\/p>\n<p>M\u00f5lemad preestrid on t\u00f6\u00f6lt k\u00f5rvaldatud.<\/p>\n<p>Kuidas see lugu Sind end tundma pani?Saada<a href=\"https:\/\/www.delfi.ee\/artikkel\/120603013\/leedu-katoliku-preestrit-suudistatakse-23-aastat-kestnud-laste-seksuaalses-kuritarvitamises\/kommentaarid\" class=\"button button--primary button--size-auto article-body-bottom__comment article-body-bottom__comment--write\" style=\"\" rel=\"nofollow noopener\" target=\"_blank\">Kommenteeri<\/a><a href=\"https:\/\/www.delfi.ee\/artikkel\/120603013\/leedu-katoliku-preestrit-suudistatakse-23-aastat-kestnud-laste-seksuaalses-kuritarvitamises\/kommentaarid\" class=\"button button--size-auto article-body-bottom__comment article-body-bottom__comment--read\" style=\"\" rel=\"nofollow noopener\" target=\"_blank\">Loe kommentaare (15)<\/a><\/p>\n","protected":false},"excerpt":{"rendered":"Vilniuse ringkonnaprokuratuuri peaprokur\u00f6r Justas Laucius \u00fctles, et preestrile on esitatud s\u00fc\u00fcdistus 34 tahtlikus, t\u00f5sises ja v\u00e4ga t\u00f5sises kuriteos,&hellip;\n","protected":false},"author":2,"featured_media":249523,"comment_status":"","ping_status":"","sticky":false,"template":"","format":"standard","meta":{"footnotes":"","_share_on_mastodon":"0"},"categories":[80],"tags":[26,27,37,33,35,34,36,31,32,21,1393,5089,28,29,115,95,19,25,23,24,22,20,30,7911,92,93,94],"class_list":["post-249522","post","type-post","status-publish","format-standard","has-post-thumbnail","category-maailm","tag-breaking-news","tag-breakingnews","tag-ee","tag-eesti","tag-eesti-keel","tag-estonia","tag-estonian","tag-featured-news","tag-featurednews","tag-headlines","tag-katoliku-kirik","tag-lapsporno","tag-latest-news","tag-latestnews","tag-leedu","tag-maailm","tag-news","tag-populaarseimad-lood","tag-top-stories","tag-topstories","tag-uldised-uudised","tag-uudised","tag-viimased-uudised","tag-vilnius","tag-world","tag-world-news","tag-worldnews"],"share_on_mastodon":{"url":"https:\/\/pubeurope.com\/@ee\/117076792669685953","error":""},"_links":{"self":[{"href":"https:\/\/www.europesays.com\/ee\/wp-json\/wp\/v2\/posts\/249522","targetHints":{"allow":["GET"]}}],"collection":[{"href":"https:\/\/www.europesays.com\/ee\/wp-json\/wp\/v2\/posts"}],"about":[{"href":"https:\/\/www.europesays.com\/ee\/wp-json\/wp\/v2\/types\/post"}],"author":[{"embeddable":true,"href":"https:\/\/www.europesays.com\/ee\/wp-json\/wp\/v2\/users\/2"}],"replies":[{"embeddable":true,"href":"https:\/\/www.europesays.com\/ee\/wp-json\/wp\/v2\/comments?post=249522"}],"version-history":[{"count":0,"href":"https:\/\/www.europesays.com\/ee\/wp-json\/wp\/v2\/posts\/249522\/revisions"}],"wp:featuredmedia":[{"embeddable":true,"href":"https:\/\/www.europesays.com\/ee\/wp-json\/wp\/v2\/media\/249523"}],"wp:attachment":[{"href":"https:\/\/www.europesays.com\/ee\/wp-json\/wp\/v2\/media?parent=249522"}],"wp:term":[{"taxonomy":"category","embeddable":true,"href":"https:\/\/www.europesays.com\/ee\/wp-json\/wp\/v2\/categories?post=249522"},{"taxonomy":"post_tag","embeddable":true,"href":"https:\/\/www.europesays.com\/ee\/wp-json\/wp\/v2\/tags?post=249522"}],"curies":[{"name":"wp","href":"https:\/\/api.w.org\/{rel}","templated":true}]}}