{"id":249560,"date":"2026-08-11T12:58:38","date_gmt":"2026-08-11T12:58:38","guid":{"rendered":"https:\/\/www.europesays.com\/ee\/249560\/"},"modified":"2026-08-11T12:58:38","modified_gmt":"2026-08-11T12:58:38","slug":"intervjuu-karmen-joller-osa-kiirabikutseid-voiks-olla-tasulised-ma-ei-karda-sellist-otsust-teha","status":"publish","type":"post","link":"https:\/\/www.europesays.com\/ee\/249560\/","title":{"rendered":"INTERVJUU | Karmen Joller: osa kiirabikutseid v\u00f5iks olla tasulised. Ma ei karda sellist otsust teha"},"content":{"rendered":"<p><img decoding=\"async\" src=\"https:\/\/www.europesays.com\/ee\/wp-content\/uploads\/2026\/08\/b5bc517f-1b56-4f2e-b96c-85c501a1ecea.jpg\" loading=\"lazy\" alt=\"Sotsiaalminister Karmen Joller \u00fctleb, et on valmis p\u00e4rast valimisi ministrit\u00f6\u00f6d j\u00e4tkama, aga naaseb hea meelega ka arstiametisse, kui valimiste h\u00e4\u00e4ltesaak tuleb napp.\"\/><\/p>\n<p>Sotsiaalminister Karmen Joller \u00fctleb, et on valmis p\u00e4rast valimisi ministrit\u00f6\u00f6d j\u00e4tkama, aga naaseb hea meelega ka arstiametisse, kui valimiste h\u00e4\u00e4ltesaak tuleb napp.<\/p>\n<p>FOTO: Kiur Kaasik| Delfi Meedia<\/p>\n<p>Pikalt puhkusel olnud sotsiaalministril <a rel=\"noopener nofollow\" target=\"_blank\" href=\"https:\/\/www.delfi.ee\/teema\/80833473\/karmen-joller\" tag-id=\"80833473\">Karmen Jolleril<\/a> seisab ees tihe poolaasta: reformimist vajab rehabilitatsioonis\u00fcsteem ja <a rel=\"noopener nofollow\" target=\"_blank\" href=\"https:\/\/www.delfi.ee\/teema\/75814237\/vaimse-tervise-mess\" tag-id=\"75814237\">vaimse tervise<\/a> valdkond. L\u00e4hiajal on vaja paika saada <a rel=\"noopener nofollow\" target=\"_blank\" href=\"https:\/\/www.delfi.ee\/teema\/96856706\/kiirabi-1\" tag-id=\"96856706\">kiirabiv\u00f5rgu<\/a> muudatused.<\/p>\n","protected":false},"excerpt":{"rendered":"Sotsiaalminister Karmen Joller \u00fctleb, et on valmis p\u00e4rast valimisi ministrit\u00f6\u00f6d j\u00e4tkama, aga naaseb hea meelega ka arstiametisse, kui&hellip;\n","protected":false},"author":2,"featured_media":249561,"comment_status":"","ping_status":"","sticky":false,"template":"","format":"standard","meta":{"footnotes":"","_share_on_mastodon":"0"},"categories":[12],"tags":[26,27,37,33,35,34,36,31,32,21,1793,566,28,29,19,25,512,23,24,22,20,4213,98227,30],"class_list":["post-249560","post","type-post","status-publish","format-standard","has-post-thumbnail","category-eesti","tag-breaking-news","tag-breakingnews","tag-ee","tag-eesti","tag-eesti-keel","tag-estonia","tag-estonian","tag-featured-news","tag-featurednews","tag-headlines","tag-karmen-joller","tag-kiirabi","tag-latest-news","tag-latestnews","tag-news","tag-populaarseimad-lood","tag-tervisekassa","tag-top-stories","tag-topstories","tag-uldised-uudised","tag-uudised","tag-vaimne-tervis","tag-vaimse-tervise-mess","tag-viimased-uudised"],"share_on_mastodon":{"url":"https:\/\/pubeurope.com\/@ee\/117076997780344219","error":""},"_links":{"self":[{"href":"https:\/\/www.europesays.com\/ee\/wp-json\/wp\/v2\/posts\/249560","targetHints":{"allow":["GET"]}}],"collection":[{"href":"https:\/\/www.europesays.com\/ee\/wp-json\/wp\/v2\/posts"}],"about":[{"href":"https:\/\/www.europesays.com\/ee\/wp-json\/wp\/v2\/types\/post"}],"author":[{"embeddable":true,"href":"https:\/\/www.europesays.com\/ee\/wp-json\/wp\/v2\/users\/2"}],"replies":[{"embeddable":true,"href":"https:\/\/www.europesays.com\/ee\/wp-json\/wp\/v2\/comments?post=249560"}],"version-history":[{"count":0,"href":"https:\/\/www.europesays.com\/ee\/wp-json\/wp\/v2\/posts\/249560\/revisions"}],"wp:featuredmedia":[{"embeddable":true,"href":"https:\/\/www.europesays.com\/ee\/wp-json\/wp\/v2\/media\/249561"}],"wp:attachment":[{"href":"https:\/\/www.europesays.com\/ee\/wp-json\/wp\/v2\/media?parent=249560"}],"wp:term":[{"taxonomy":"category","embeddable":true,"href":"https:\/\/www.europesays.com\/ee\/wp-json\/wp\/v2\/categories?post=249560"},{"taxonomy":"post_tag","embeddable":true,"href":"https:\/\/www.europesays.com\/ee\/wp-json\/wp\/v2\/tags?post=249560"}],"curies":[{"name":"wp","href":"https:\/\/api.w.org\/{rel}","templated":true}]}}