{"id":249610,"date":"2026-08-11T14:08:08","date_gmt":"2026-08-11T14:08:08","guid":{"rendered":"https:\/\/www.europesays.com\/ee\/249610\/"},"modified":"2026-08-11T14:08:08","modified_gmt":"2026-08-11T14:08:08","slug":"euroopa-ujumisliidu-juht-jargmine-em-voib-toimuda-venemaal","status":"publish","type":"post","link":"https:\/\/www.europesays.com\/ee\/249610\/","title":{"rendered":"Euroopa ujumisliidu juht: j\u00e4rgmine EM v\u00f5ib toimuda Venemaal"},"content":{"rendered":"<p>Silva tegi sellise avalduse intervjuus Venemaa riiklikule uudisteagentuurile TASS, vahendab <a rel=\"noopener follow nofollow\" target=\"_blank\" href=\"https:\/\/www.is.fi\/uinti\/art-2000012196491.html\" data-rel-date-range=\"[]\">Ilta-Sanomat<\/a>. <\/p>\n<p>Euroopa meistriv\u00f5istlused pidanuks Kaasanis toimuma juba 2024. aastal, kuid toona viidi tiitliv\u00f5istlus Ukraina s\u00f5ja t\u00f5ttu \u00fcle Serbiasse. <\/p>\n<p>Silva \u00fctles siis, et v\u00f5\u00f5rustajariigi vahetuse p\u00f5hjuseks olid \u201eEuroopa ees seisvad geopoliitilised v\u00e4ljakutsed\u201c. <\/p>\n<p>Silva s\u00f5nul on k\u00f5nealune Kaasani EM hetkeseisuga edasi l\u00fckatud 2028. aastasse, kuigi olukord s\u00f5jarindel pole muutunud. <\/p>\n<p>\u201eVenemaa ei saanud m\u00e4nge 2024. aastal korraldada, seega on need n\u00fc\u00fcd edasi l\u00fckatud 2028. aastasse. Peame olukorda hindama ja arutama k\u00f5igi asjaosalistega: Venemaa ujumisliiduga, Euroopa ujumisliiduga ja Tatarstani Vabariigi administratsiooniga,\u201c avaldas Silva. <\/p>\n<p>Ujumisliidu juht \u00fctleb, et selles k\u00fcsimuses pole veel otsust tehtud ning arutelud asjaosalistega toimuvad l\u00e4hip\u00e4evil. \u201eP\u00e4rast seda arutame asja Euroopa ujumisliidu juhatusega ja langetame otsuse.\u201c<\/p>\n<p>Rahvusvaheline ujumisliit teatas t\u00e4navu aprillis, et k\u00f5ik Ukraina s\u00f5ja puhkemise j\u00e4rel Venemaa ja Valgevene ujujatele kehtestatud piirangud on t\u00fchistatud. Sellest l\u00e4htuvalt on venelased ja valgevenelased stardis ka praegu toimuvatel Pariisi Euroopa meistriv\u00f5istlustel. <\/p>\n<p>Eesti ujumiskoondise peatreener <a rel=\"noopener nofollow\" target=\"_blank\" href=\"https:\/\/www.delfi.ee\/teema\/96862529\/toni-meijel\" tag-id=\"96862529\">Toni Meijel<\/a> \u00fctles Delfile, et ei pea \u00fcldse t\u00f5en\u00e4oliseks, et 2028. aasta Euroopa meistriv\u00f5istlused v\u00f5iks toimuda Kaasanis juhul, kui Ukraina s\u00f5da pole veel l\u00f5ppenud.<\/p>\n<p>\u201eMa ei usu, et see realiseerub, kui s\u00f5da j\u00e4tkub. Ma t\u00e4na ei n\u00e4e selleks v\u00f5imalust,\u201c \u00fctles peatreener. <\/p>\n<p>Aga kui ikka juhtub, et EM antakse Venemaale ja samal ajal Ukraina s\u00f5da j\u00e4tkub. Kas Eesti koondis osaleks EMil? \u201eMe ei ole seda asja arutanud,\u201c vastas Meijel ja lisas: \u201eSee on intriigi otsimine. Ma ei tegeleks spekulatsioonidega.\u201c <\/p>\n<p>Kuidas see lugu Sind end tundma pani?Saada<a href=\"https:\/\/sport.delfi.ee\/artikkel\/120603063\/euroopa-ujumisliidu-juht-jargmine-em-voib-toimuda-venemaal\/kommentaarid\" class=\"button button--primary button--size-auto article-body-bottom__comment article-body-bottom__comment--write\" style=\"\" rel=\"nofollow noopener\" target=\"_blank\">Kommenteeri<\/a><a href=\"https:\/\/sport.delfi.ee\/artikkel\/120603063\/euroopa-ujumisliidu-juht-jargmine-em-voib-toimuda-venemaal\/kommentaarid\" class=\"button button--size-auto article-body-bottom__comment article-body-bottom__comment--read\" style=\"\" rel=\"nofollow noopener\" target=\"_blank\">Loe kommentaare (43)<\/a><\/p>\n","protected":false},"excerpt":{"rendered":"Silva tegi sellise avalduse intervjuus Venemaa riiklikule uudisteagentuurile TASS, vahendab Ilta-Sanomat. Euroopa meistriv\u00f5istlused pidanuks Kaasanis toimuma juba 2024.&hellip;\n","protected":false},"author":2,"featured_media":249611,"comment_status":"","ping_status":"","sticky":false,"template":"","format":"standard","meta":{"footnotes":"","_share_on_mastodon":"0"},"categories":[18],"tags":[37,33,35,5144,34,36,159,158,5146,5260],"class_list":["post-249610","post","type-post","status-publish","format-standard","has-post-thumbnail","category-sport","tag-ee","tag-eesti","tag-eesti-keel","tag-eneli-jefimova","tag-estonia","tag-estonian","tag-sport","tag-sports","tag-toni-meijel","tag-ujumine"],"share_on_mastodon":{"url":"https:\/\/pubeurope.com\/@ee\/117077272360157884","error":""},"_links":{"self":[{"href":"https:\/\/www.europesays.com\/ee\/wp-json\/wp\/v2\/posts\/249610","targetHints":{"allow":["GET"]}}],"collection":[{"href":"https:\/\/www.europesays.com\/ee\/wp-json\/wp\/v2\/posts"}],"about":[{"href":"https:\/\/www.europesays.com\/ee\/wp-json\/wp\/v2\/types\/post"}],"author":[{"embeddable":true,"href":"https:\/\/www.europesays.com\/ee\/wp-json\/wp\/v2\/users\/2"}],"replies":[{"embeddable":true,"href":"https:\/\/www.europesays.com\/ee\/wp-json\/wp\/v2\/comments?post=249610"}],"version-history":[{"count":0,"href":"https:\/\/www.europesays.com\/ee\/wp-json\/wp\/v2\/posts\/249610\/revisions"}],"wp:featuredmedia":[{"embeddable":true,"href":"https:\/\/www.europesays.com\/ee\/wp-json\/wp\/v2\/media\/249611"}],"wp:attachment":[{"href":"https:\/\/www.europesays.com\/ee\/wp-json\/wp\/v2\/media?parent=249610"}],"wp:term":[{"taxonomy":"category","embeddable":true,"href":"https:\/\/www.europesays.com\/ee\/wp-json\/wp\/v2\/categories?post=249610"},{"taxonomy":"post_tag","embeddable":true,"href":"https:\/\/www.europesays.com\/ee\/wp-json\/wp\/v2\/tags?post=249610"}],"curies":[{"name":"wp","href":"https:\/\/api.w.org\/{rel}","templated":true}]}}