{"id":249618,"date":"2026-08-11T14:12:13","date_gmt":"2026-08-11T14:12:13","guid":{"rendered":"https:\/\/www.europesays.com\/ee\/249618\/"},"modified":"2026-08-11T14:12:13","modified_gmt":"2026-08-11T14:12:13","slug":"aasta-tervikumis-%e2%9f%a9-haigla-juht-uus-keskkond-on-andnud-positiivse-laengu","status":"publish","type":"post","link":"https:\/\/www.europesays.com\/ee\/249618\/","title":{"rendered":"AASTA TERVIKUMIS \u27e9 Haigla juht: uus keskkond on andnud positiivse laengu"},"content":{"rendered":"<p>Viljandi haigla juht Priit Tampere t\u00f5des, et uute rajajoonte s\u00e4ttimise k\u00f5rval ei olegi olnud mahti m\u00f6\u00f6dunud aastale pikalt tagasi vaadata, ning selgitas, et maja valmimine ei t\u00e4henda, et see oleks ka patsientidele, t\u00f6\u00f6tajatele ja partneritele tuttav ja valmis. &#8220;Seadistamine ja s\u00e4ttimine alates uste lahtik\u00e4imise kiirusest ja siltide panekust kuni t\u00f6\u00f6korralduse kokkuleppimiseni on loomulikult kogu aeg k\u00e4inud.&#8221;<\/p>\n","protected":false},"excerpt":{"rendered":"Viljandi haigla juht Priit Tampere t\u00f5des, et uute rajajoonte s\u00e4ttimise k\u00f5rval ei olegi olnud mahti m\u00f6\u00f6dunud aastale pikalt&hellip;\n","protected":false},"author":2,"featured_media":249619,"comment_status":"","ping_status":"","sticky":false,"template":"","format":"standard","meta":{"footnotes":"","_share_on_mastodon":"0"},"categories":[5],"tags":[98236,26,27,37,33,35,34,36,31,32,21,38465,28,29,19,25,4458,1457,23,24,22,20,30,1782],"class_list":["post-249618","post","type-post","status-publish","format-standard","has-post-thumbnail","category-uldised-uudised","tag-aasta-tervikumis","tag-breaking-news","tag-breakingnews","tag-ee","tag-eesti","tag-eesti-keel","tag-estonia","tag-estonian","tag-featured-news","tag-featurednews","tag-headlines","tag-kokkuvote","tag-latest-news","tag-latestnews","tag-news","tag-populaarseimad-lood","tag-priit-tampere","tag-tervikum","tag-top-stories","tag-topstories","tag-uldised-uudised","tag-uudised","tag-viimased-uudised","tag-viljandi-haigla"],"share_on_mastodon":{"url":"https:\/\/pubeurope.com\/@ee\/117077287981140637","error":""},"_links":{"self":[{"href":"https:\/\/www.europesays.com\/ee\/wp-json\/wp\/v2\/posts\/249618","targetHints":{"allow":["GET"]}}],"collection":[{"href":"https:\/\/www.europesays.com\/ee\/wp-json\/wp\/v2\/posts"}],"about":[{"href":"https:\/\/www.europesays.com\/ee\/wp-json\/wp\/v2\/types\/post"}],"author":[{"embeddable":true,"href":"https:\/\/www.europesays.com\/ee\/wp-json\/wp\/v2\/users\/2"}],"replies":[{"embeddable":true,"href":"https:\/\/www.europesays.com\/ee\/wp-json\/wp\/v2\/comments?post=249618"}],"version-history":[{"count":0,"href":"https:\/\/www.europesays.com\/ee\/wp-json\/wp\/v2\/posts\/249618\/revisions"}],"wp:featuredmedia":[{"embeddable":true,"href":"https:\/\/www.europesays.com\/ee\/wp-json\/wp\/v2\/media\/249619"}],"wp:attachment":[{"href":"https:\/\/www.europesays.com\/ee\/wp-json\/wp\/v2\/media?parent=249618"}],"wp:term":[{"taxonomy":"category","embeddable":true,"href":"https:\/\/www.europesays.com\/ee\/wp-json\/wp\/v2\/categories?post=249618"},{"taxonomy":"post_tag","embeddable":true,"href":"https:\/\/www.europesays.com\/ee\/wp-json\/wp\/v2\/tags?post=249618"}],"curies":[{"name":"wp","href":"https:\/\/api.w.org\/{rel}","templated":true}]}}