{"id":249656,"date":"2026-08-11T15:17:33","date_gmt":"2026-08-11T15:17:33","guid":{"rendered":"https:\/\/www.europesays.com\/ee\/249656\/"},"modified":"2026-08-11T15:17:33","modified_gmt":"2026-08-11T15:17:33","slug":"rmk-kutsub-parnumaa-elanikke-eesti-looduse-paeva-retkedele","status":"publish","type":"post","link":"https:\/\/www.europesays.com\/ee\/249656\/","title":{"rendered":"RMK kutsub P\u00e4rnumaa elanikke Eesti looduse p\u00e4eva retkedele"},"content":{"rendered":"<p>Eesti looduse p\u00e4evaga t\u00e4histatakse Eesti looduskaitse aastap\u00e4eva. 14. augustil 1910 loodi Vaika linnusaartel Baltimaade esimene kaitseala. RMK on seda p\u00e4eva t\u00e4histanud aastaid ja kutsub t\u00e4navu k\u00f5ikjal Eestis osa v\u00f5tma 14 juhendatud loodusretkest.<\/p>\n<p>P\u00e4rnumaal saab loodust avastada kahel \u00fcsna erineval retkel.<\/p>\n<p>15. augustil kell 6 ootab RMK esindaja huvilisi Rannametsa-Tolkuse looduse \u00f5pperaja parklasse, kust algab varahommikune rabaretk. 2,2 kilomeetri pikkune retk kestab ligikaudu kolm ja pool tundi. Retke juhib RMK Kabli k\u00fclastuskeskuse teabejuht K\u00fcllike Sisask.<\/p>\n<p>Varahommikune rabaretk viib osalejad loodusesse ajal, mil p\u00e4ev alles algab. R\u00e4\u00e4gitakse inimese ja maastiku kohtumisest ning sellest, milliseid lugusid v\u00f5ib maastik jutustada m\u00f5isnike ajast t\u00e4nap\u00e4evani.<\/p>\n<p>17. augustil kell 14 kutsub RMK loodushuvilisi T\u00f5stamaa j\u00f5ele. Retk algab T\u00f5stamaa kalmistu parklast ja nelja kilomeetri pikkust ja kolm kuni neli tundi kestvat matka juhib RMK vee\u00f6koloog Anett Reilent.<\/p>\n<p>T\u00f5stamaa j\u00f5el vaadeldakse, kuidas erinevad looduslikumad j\u00f5el\u00f5igud inimese muudetud ja taastuma hakanud l\u00f5ikudest. T\u00e4helepanu p\u00f6\u00f6ratakse j\u00f5e kaldametsale, vanadele ja sirgendatud j\u00f5es\u00e4ngidele, lamapuidule ja vees leiduvale risule.<\/p>\n<p>Reilenti jutu j\u00e4rgi pole retke eesm\u00e4rk anda osalejatele \u00fcksnes teadmisi T\u00f5stamaa j\u00f5e kohta, vaid \u00f5petada neid vaatlema j\u00f5ge ja selle \u00fcmbrust.<\/p>\n<p>\u00abRetkelised n\u00e4evad seda, mida nad oskavad vaadata,\u00bb \u00fctles Reilent. Seep\u00e4rast juhib ta osalejate t\u00e4helepanu teadlikult j\u00f5e eri tahkudele ja sellele, millist rolli m\u00e4ngib j\u00f5ega seotud elustikus n\u00e4iteks kaldamets.<\/p>\n<p>V\u00f5imaluse korral minnakse r\u00e4nnakul ka vette. See s\u00f5ltub siiski j\u00f5el\u00f5igust ja veetasemest, sest osa l\u00f5ike on s\u00fcgavamad. Osalejatel tuleb kaasa v\u00f5tta vees liikumiseks sobivad jalan\u00f5ud ja t\u00f6\u00f6kindad, mis v\u00f5ivad m\u00e4rjaks saada.<\/p>\n<p>T\u00f5stamaa j\u00f5el on matkal ka praktiline eesm\u00e4rk. J\u00f5est ja kallastelt korjatakse kokku pr\u00fcgi, mida retkejuht m\u00e4rkas j\u00f5e esmasel \u00fclevaatamisel rohkesti. \u00abM\u00f5te on, et j\u00e4tame keskkonna p\u00e4rast oma k\u00fclastust puhtamaks, kui see enne oli,\u00bb selgitas Reilent. Suuremad j\u00e4\u00e4tmed, n\u00e4iteks rehvid, plaanitakse kaldale t\u00f5sta ja hiljem autoga \u00e4ra viia. Pr\u00fcgi koristamisega soovitakse juhtida t\u00e4helepanu, et inimtegevus j\u00f5uab kodu\u00f5uest j\u00f5kke ja sealt edasi merre.<\/p>\n<p>M\u00f5lemad P\u00e4rnumaa retked on tasuta, kuid enne tuleks end registreerida RMK veebilehel, kust leiab ka lisainfot ja k\u00f5igi retkede kirjeldused.<\/p>\n","protected":false},"excerpt":{"rendered":"Eesti looduse p\u00e4evaga t\u00e4histatakse Eesti looduskaitse aastap\u00e4eva. 14. augustil 1910 loodi Vaika linnusaartel Baltimaade esimene kaitseala. RMK on&hellip;\n","protected":false},"author":2,"featured_media":249657,"comment_status":"","ping_status":"","sticky":false,"template":"","format":"standard","meta":{"footnotes":"","_share_on_mastodon":"0"},"categories":[12],"tags":[26,27,37,33,35,98242,34,36,31,32,21,28,29,98245,19,350,25,98243,596,23,24,98244,22,20,30],"class_list":["post-249656","post","type-post","status-publish","format-standard","has-post-thumbnail","category-eesti","tag-breaking-news","tag-breakingnews","tag-ee","tag-eesti","tag-eesti-keel","tag-eesti-looduse-paev","tag-estonia","tag-estonian","tag-featured-news","tag-featurednews","tag-headlines","tag-latest-news","tag-latestnews","tag-loodusretk","tag-news","tag-parnumaa","tag-populaarseimad-lood","tag-rannametsa-tolkuse-raba","tag-riigimetsa-majandamise-keskus","tag-top-stories","tag-topstories","tag-tostamaa-jogi","tag-uldised-uudised","tag-uudised","tag-viimased-uudised"],"share_on_mastodon":{"url":"https:\/\/pubeurope.com\/@ee\/117077543967554482","error":""},"_links":{"self":[{"href":"https:\/\/www.europesays.com\/ee\/wp-json\/wp\/v2\/posts\/249656","targetHints":{"allow":["GET"]}}],"collection":[{"href":"https:\/\/www.europesays.com\/ee\/wp-json\/wp\/v2\/posts"}],"about":[{"href":"https:\/\/www.europesays.com\/ee\/wp-json\/wp\/v2\/types\/post"}],"author":[{"embeddable":true,"href":"https:\/\/www.europesays.com\/ee\/wp-json\/wp\/v2\/users\/2"}],"replies":[{"embeddable":true,"href":"https:\/\/www.europesays.com\/ee\/wp-json\/wp\/v2\/comments?post=249656"}],"version-history":[{"count":0,"href":"https:\/\/www.europesays.com\/ee\/wp-json\/wp\/v2\/posts\/249656\/revisions"}],"wp:featuredmedia":[{"embeddable":true,"href":"https:\/\/www.europesays.com\/ee\/wp-json\/wp\/v2\/media\/249657"}],"wp:attachment":[{"href":"https:\/\/www.europesays.com\/ee\/wp-json\/wp\/v2\/media?parent=249656"}],"wp:term":[{"taxonomy":"category","embeddable":true,"href":"https:\/\/www.europesays.com\/ee\/wp-json\/wp\/v2\/categories?post=249656"},{"taxonomy":"post_tag","embeddable":true,"href":"https:\/\/www.europesays.com\/ee\/wp-json\/wp\/v2\/tags?post=249656"}],"curies":[{"name":"wp","href":"https:\/\/api.w.org\/{rel}","templated":true}]}}