{"id":249710,"date":"2026-08-11T16:20:13","date_gmt":"2026-08-11T16:20:13","guid":{"rendered":"https:\/\/www.europesays.com\/ee\/249710\/"},"modified":"2026-08-11T16:20:13","modified_gmt":"2026-08-11T16:20:13","slug":"protesti-avaldanud-psg-le-anti-uefa-superkarikafinaaliks-lisariietusruum","status":"publish","type":"post","link":"https:\/\/www.europesays.com\/ee\/249710\/","title":{"rendered":"Protesti avaldanud PSG-le anti UEFA superkarikafinaaliks lisariietusruum"},"content":{"rendered":"<p><a rel=\"noopener nofollow\" target=\"_blank\" href=\"https:\/\/www.delfi.ee\/teema\/65515748\/psg\" tag-id=\"65515748\">PSG<\/a> l\u00e4heb kolmap\u00e4eval Red Bull Arenal vastamisi Euroopa Liiga t\u0161empioni Birminghami <a rel=\"noopener nofollow\" target=\"_blank\" href=\"https:\/\/www.delfi.ee\/teema\/56497920\/aston-villa\" tag-id=\"56497920\">Aston Villaga<\/a>.<\/p>\n<p><a rel=\"noopener nofollow\" target=\"_blank\" href=\"https:\/\/www.delfi.ee\/teema\/75614593\/unai-emery\" tag-id=\"75614593\">Unai Emery<\/a> juhendatav Aston Villa saab superkarikafinaalis kasutada staadioni kodumeeskonna riietusruumi. <\/p>\n<p>PSG, mis pidi leppima v\u00f5\u00f5rsil m\u00e4ngiva meeskonna riietusruumiga, avaldas esmasp\u00e4evasel m\u00e4ngueelsel koosolekul n\u00f6rdimust, et nende riietusruum on liiga v\u00e4ike. <\/p>\n<p>Prantsuse klubi n\u00f5udis meeskonnale v\u00e4hemalt sama suurt ruumi kui Aston Villal, r\u00f5hutades, et nemad on ka valitsevad Superkarika meistrid. Eelmisel aastal v\u00f5itis PSG finaalmat\u0161is penaltiseeria j\u00e4rel Tottenhami.<\/p>\n<p>BBC kirjutab, et UEFA on n\u00fc\u00fcd eraldanud prantslastele lisariietusruumi, mida tavaliselt kasutavad m\u00e4ngu kohtunikud.<\/p>\n<p>PSG alistas t\u00e4navu kevadel Meistrite liiga finaalis Arsenali 1:1 l\u00f5ppenud normaal- ja lisaaja j\u00e4rel penaltiseerias 4:3. Aston Villa sai Euroopa liiga finaalis jagu SC Freiburgist 3:0. <\/p>\n<p>Kuidas see lugu Sind end tundma pani?Saada<a href=\"https:\/\/sport.delfi.ee\/artikkel\/120603102\/protesti-avaldanud-psg-le-anti-uefa-superkarikafinaaliks-lisariietusruum\/kommentaarid\" class=\"button button--primary button--size-auto article-body-bottom__comment article-body-bottom__comment--write\" style=\"\" rel=\"nofollow noopener\" target=\"_blank\">Kommenteeri<\/a><a href=\"https:\/\/sport.delfi.ee\/artikkel\/120603102\/protesti-avaldanud-psg-le-anti-uefa-superkarikafinaaliks-lisariietusruum\/kommentaarid\" class=\"button button--size-auto article-body-bottom__comment article-body-bottom__comment--read\" style=\"\" rel=\"nofollow noopener\" target=\"_blank\">Loe kommentaare (3)<\/a><\/p>\n","protected":false},"excerpt":{"rendered":"PSG l\u00e4heb kolmap\u00e4eval Red Bull Arenal vastamisi Euroopa Liiga t\u0161empioni Birminghami Aston Villaga. Unai Emery juhendatav Aston Villa&hellip;\n","protected":false},"author":2,"featured_media":249711,"comment_status":"","ping_status":"","sticky":false,"template":"","format":"standard","meta":{"footnotes":"","_share_on_mastodon":"0"},"categories":[18],"tags":[1611,37,33,35,34,36,172,2452,2528,159,158,2084],"class_list":["post-249710","post","type-post","status-publish","format-standard","has-post-thumbnail","category-sport","tag-aston-villa","tag-ee","tag-eesti","tag-eesti-keel","tag-estonia","tag-estonian","tag-jalgpall","tag-pariisi-saint-germain","tag-psg","tag-sport","tag-sports","tag-unai-emery"],"share_on_mastodon":{"url":"https:\/\/pubeurope.com\/@ee\/117077791597259627","error":""},"_links":{"self":[{"href":"https:\/\/www.europesays.com\/ee\/wp-json\/wp\/v2\/posts\/249710","targetHints":{"allow":["GET"]}}],"collection":[{"href":"https:\/\/www.europesays.com\/ee\/wp-json\/wp\/v2\/posts"}],"about":[{"href":"https:\/\/www.europesays.com\/ee\/wp-json\/wp\/v2\/types\/post"}],"author":[{"embeddable":true,"href":"https:\/\/www.europesays.com\/ee\/wp-json\/wp\/v2\/users\/2"}],"replies":[{"embeddable":true,"href":"https:\/\/www.europesays.com\/ee\/wp-json\/wp\/v2\/comments?post=249710"}],"version-history":[{"count":0,"href":"https:\/\/www.europesays.com\/ee\/wp-json\/wp\/v2\/posts\/249710\/revisions"}],"wp:featuredmedia":[{"embeddable":true,"href":"https:\/\/www.europesays.com\/ee\/wp-json\/wp\/v2\/media\/249711"}],"wp:attachment":[{"href":"https:\/\/www.europesays.com\/ee\/wp-json\/wp\/v2\/media?parent=249710"}],"wp:term":[{"taxonomy":"category","embeddable":true,"href":"https:\/\/www.europesays.com\/ee\/wp-json\/wp\/v2\/categories?post=249710"},{"taxonomy":"post_tag","embeddable":true,"href":"https:\/\/www.europesays.com\/ee\/wp-json\/wp\/v2\/tags?post=249710"}],"curies":[{"name":"wp","href":"https:\/\/api.w.org\/{rel}","templated":true}]}}