{"id":249718,"date":"2026-08-11T16:35:08","date_gmt":"2026-08-11T16:35:08","guid":{"rendered":"https:\/\/www.europesays.com\/ee\/249718\/"},"modified":"2026-08-11T16:35:08","modified_gmt":"2026-08-11T16:35:08","slug":"jogevamaalaste-protsessil-vaieldakse-kas-nad-panid-toime-ranga-kuriteo-voi-lustisid-sobraga","status":"publish","type":"post","link":"https:\/\/www.europesays.com\/ee\/249718\/","title":{"rendered":"J\u00f5gevamaalaste protsessil vaieldakse, kas nad panid toime r\u00e4nga kuriteo v\u00f5i lustisid s\u00f5braga"},"content":{"rendered":"<p>\u201eSaul ja Arund n\u00f5udsid 2021. aasta 11. augustil kannatanult 500 eurot ning raha puudumisel peksid teda. Seej\u00e4rel sunniti kannatanu autosse ning s\u00f5idutati erinevatesse kohtadesse, kus raha n\u00f5udmist j\u00e4tkati ja teda korduvalt peksti. Sealhulgas l\u00f6\u00f6di pudeliga p\u00e4he. V\u00e4givalla tagaj\u00e4rjel sai kannatanu haavad peapiirkonda. Mehi s\u00fc\u00fcdistatakse paragrahvi alusel, mis k\u00e4sitleb varalise kasu \u00fcleandmise n\u00f5udmist v\u00e4givallaga ja grupi poolt,\u201c avas prokur\u00f6r Priit T\u00f5nisson enne protsessi Delfile nendepoolse s\u00fc\u00fcdistuse sisu.<\/p>\n<p>Eile oli J\u00f5geva kohtumajas viimane sisuline istung. Kohtuvaidluste k\u00e4igus esitasid T\u00f5nisson ning s\u00fc\u00fcaluste kaitsjad oma argumendid. L\u00f5pps\u00f5naks anti \u00f5igus Roolandile ja Kristole. \u201eMa ei oska midagi kommenteerida,\u201c poetas Saul vaikselt. Praegu teiste kuritegude p\u00e4rast trellide taga viibiv ja konvoi saatel kohale toodud Rooland oli jutukam. \u201eMa ei n\u00e4e \u00fchtegi p\u00f5hjust, miks peaks milligrammigi v\u00f5rra s\u00fc\u00fcd tunnistama. Ma pole \u00fchtegi sellist tegevust teinud, mida s\u00fc\u00fcdistuses ette heidetakse,\u201c prahvatas ta ja lisas, et see on halvasti m\u00f5junud ta n\u00e4rvikavale ja l\u00e4hedastele.<\/p>\n<p><a href=\"https:\/\/www.delfi.ee\/artikkel\/120603011\/jogevamaalaste-protsessil-vaieldakse-kas-nad-panid-toime-ranga-kuriteo-voi-lustisid-sobraga\/kommentaarid\" class=\"button button--primary button--size-auto article-body-bottom__comment article-body-bottom__comment--write\" style=\"\" rel=\"nofollow noopener\" target=\"_blank\">Kommenteeri<\/a><a href=\"https:\/\/www.delfi.ee\/artikkel\/120603011\/jogevamaalaste-protsessil-vaieldakse-kas-nad-panid-toime-ranga-kuriteo-voi-lustisid-sobraga\/kommentaarid\" class=\"button button--size-auto article-body-bottom__comment article-body-bottom__comment--read\" style=\"\" rel=\"nofollow noopener\" target=\"_blank\">Loe kommentaare (5)<\/a><\/p>\n","protected":false},"excerpt":{"rendered":"\u201eSaul ja Arund n\u00f5udsid 2021. aasta 11. augustil kannatanult 500 eurot ning raha puudumisel peksid teda. Seej\u00e4rel sunniti&hellip;\n","protected":false},"author":2,"featured_media":249719,"comment_status":"","ping_status":"","sticky":false,"template":"","format":"standard","meta":{"footnotes":"","_share_on_mastodon":"0"},"categories":[5],"tags":[26,27,37,33,35,34,36,31,32,21,9343,28,29,19,25,23,24,22,20,91620,30],"class_list":["post-249718","post","type-post","status-publish","format-standard","has-post-thumbnail","category-uldised-uudised","tag-breaking-news","tag-breakingnews","tag-ee","tag-eesti","tag-eesti-keel","tag-estonia","tag-estonian","tag-featured-news","tag-featurednews","tag-headlines","tag-karistus","tag-latest-news","tag-latestnews","tag-news","tag-populaarseimad-lood","tag-top-stories","tag-topstories","tag-uldised-uudised","tag-uudised","tag-valjapressimine","tag-viimased-uudised"],"share_on_mastodon":{"url":"https:\/\/pubeurope.com\/@ee\/117077850328757798","error":""},"_links":{"self":[{"href":"https:\/\/www.europesays.com\/ee\/wp-json\/wp\/v2\/posts\/249718","targetHints":{"allow":["GET"]}}],"collection":[{"href":"https:\/\/www.europesays.com\/ee\/wp-json\/wp\/v2\/posts"}],"about":[{"href":"https:\/\/www.europesays.com\/ee\/wp-json\/wp\/v2\/types\/post"}],"author":[{"embeddable":true,"href":"https:\/\/www.europesays.com\/ee\/wp-json\/wp\/v2\/users\/2"}],"replies":[{"embeddable":true,"href":"https:\/\/www.europesays.com\/ee\/wp-json\/wp\/v2\/comments?post=249718"}],"version-history":[{"count":0,"href":"https:\/\/www.europesays.com\/ee\/wp-json\/wp\/v2\/posts\/249718\/revisions"}],"wp:featuredmedia":[{"embeddable":true,"href":"https:\/\/www.europesays.com\/ee\/wp-json\/wp\/v2\/media\/249719"}],"wp:attachment":[{"href":"https:\/\/www.europesays.com\/ee\/wp-json\/wp\/v2\/media?parent=249718"}],"wp:term":[{"taxonomy":"category","embeddable":true,"href":"https:\/\/www.europesays.com\/ee\/wp-json\/wp\/v2\/categories?post=249718"},{"taxonomy":"post_tag","embeddable":true,"href":"https:\/\/www.europesays.com\/ee\/wp-json\/wp\/v2\/tags?post=249718"}],"curies":[{"name":"wp","href":"https:\/\/api.w.org\/{rel}","templated":true}]}}