{"id":249740,"date":"2026-08-11T17:15:10","date_gmt":"2026-08-11T17:15:10","guid":{"rendered":"https:\/\/www.europesays.com\/ee\/249740\/"},"modified":"2026-08-11T17:15:10","modified_gmt":"2026-08-11T17:15:10","slug":"eesti-luuleprommu-varske-meister-esimesed-luuletused-kirjutasin-alles-parast-seda-kui-mind-osalema-kutsuti","status":"publish","type":"post","link":"https:\/\/www.europesays.com\/ee\/249740\/","title":{"rendered":"Eesti luulepr\u00f5mmu v\u00e4rske meister: esimesed luuletused kirjutasin alles p\u00e4rast seda, kui mind osalema kutsuti"},"content":{"rendered":"<p>Kaarel Aadli, t\u00e4navuse luulepr\u00f5mmu Eesti meister, alustab oma kolme lavaminutit (sest sellest kauem ei tohi luuletus kesta) ennastsalgavalt, k\u00f5neledes toonil, mis laveerib siiruse ja iroonia vahel. Esiti veidi kaastunnetki tekitav allaheitlikkus m\u00f5jub aga \u00fcha \u00e4rritavamalt, kui Aadli seda \u00fchiskondlike valukohtadega seob. \u00dcksk\u00f5iksus \u00fcmbritseva maailma suhtes v\u00f5ib inimese enda silmis olla kahjutu neutraalsus, ent luuletuse viimaseid ridu parafraseerides on sellel n-\u00f6 olematusel ootamatult h\u00e4iriv, l\u00e4rmakas m\u00f5ju.<\/p>\n","protected":false},"excerpt":{"rendered":"Kaarel Aadli, t\u00e4navuse luulepr\u00f5mmu Eesti meister, alustab oma kolme lavaminutit (sest sellest kauem ei tohi luuletus kesta) ennastsalgavalt,&hellip;\n","protected":false},"author":2,"featured_media":249741,"comment_status":"","ping_status":"","sticky":false,"template":"","format":"standard","meta":{"footnotes":"","_share_on_mastodon":"0"},"categories":[16],"tags":[37,33,35,173,34,36,81857,98264,5791,140,6237],"class_list":["post-249740","post","type-post","status-publish","format-standard","has-post-thumbnail","category-meelelahutus","tag-ee","tag-eesti","tag-eesti-keel","tag-entertainment","tag-estonia","tag-estonian","tag-joonas-veelmaa","tag-kirjandustanava-festival","tag-luule","tag-meelelahutus","tag-tiina-saar-veelmaa"],"share_on_mastodon":{"url":"https:\/\/pubeurope.com\/@ee\/117078008084576822","error":""},"_links":{"self":[{"href":"https:\/\/www.europesays.com\/ee\/wp-json\/wp\/v2\/posts\/249740","targetHints":{"allow":["GET"]}}],"collection":[{"href":"https:\/\/www.europesays.com\/ee\/wp-json\/wp\/v2\/posts"}],"about":[{"href":"https:\/\/www.europesays.com\/ee\/wp-json\/wp\/v2\/types\/post"}],"author":[{"embeddable":true,"href":"https:\/\/www.europesays.com\/ee\/wp-json\/wp\/v2\/users\/2"}],"replies":[{"embeddable":true,"href":"https:\/\/www.europesays.com\/ee\/wp-json\/wp\/v2\/comments?post=249740"}],"version-history":[{"count":0,"href":"https:\/\/www.europesays.com\/ee\/wp-json\/wp\/v2\/posts\/249740\/revisions"}],"wp:featuredmedia":[{"embeddable":true,"href":"https:\/\/www.europesays.com\/ee\/wp-json\/wp\/v2\/media\/249741"}],"wp:attachment":[{"href":"https:\/\/www.europesays.com\/ee\/wp-json\/wp\/v2\/media?parent=249740"}],"wp:term":[{"taxonomy":"category","embeddable":true,"href":"https:\/\/www.europesays.com\/ee\/wp-json\/wp\/v2\/categories?post=249740"},{"taxonomy":"post_tag","embeddable":true,"href":"https:\/\/www.europesays.com\/ee\/wp-json\/wp\/v2\/tags?post=249740"}],"curies":[{"name":"wp","href":"https:\/\/api.w.org\/{rel}","templated":true}]}}