{"id":249748,"date":"2026-08-11T17:31:10","date_gmt":"2026-08-11T17:31:10","guid":{"rendered":"https:\/\/www.europesays.com\/ee\/249748\/"},"modified":"2026-08-11T17:31:10","modified_gmt":"2026-08-11T17:31:10","slug":"eesti-rekordi-ujunud-eneli-jefimova-paases-em-il-kindlalt-finaali","status":"publish","type":"post","link":"https:\/\/www.europesays.com\/ee\/249748\/","title":{"rendered":"Eesti rekordi ujunud Eneli Jefimova p\u00e4\u00e4ses EM-il kindlalt finaali"},"content":{"rendered":"<p>19-aastane Jefimova l\u00f5petas oma p\u00f5hiala teise poolfinaali ajaga 1.05,78, \u00fcletades senise enda nimele kuulunud Eesti rekordi kolme sajandikuga. Temast oli kiirem vaid britt Angharad Evans 1.04,97-ga, mis t\u00e4histab uut EMi rekordit.<\/p>\n<p>Esimeses poolfinaalis oli eestlannast kiirem iirlanna Mona McSharry ajaga 1.05,64. <\/p>\n<p>100 meetri rinnuliujumise finaal peetakse homme \u00f5htul meie aja j\u00e4rgi kell 19.58. Kaks aastat tagasi Budapestis krooniti Jefimova sel alal Euroopa meistriks.<\/p>\n<p>Jefimova \u00fctles poolfinaali j\u00e4rel, et ilmselt muretsesid f\u00e4nnid hommikuse eelujumise j\u00e4rel &#8211;  kus ta oli 1.06,85-ga seitsmes &#8211; rohkem kui tema ise.<\/p>\n<p>\u201eKuna ma t\u00e4ielikult usaldan oma treenereid, siis ma ei muretsenud, millised on minu tulemused hooaja alguses kevadel. Isiklik rekord ja Eesti rekord tulid n\u00fc\u00fcd \u00e4ra, aga k\u00f5ige t\u00e4htsam ujumine on ikka homme,\u201c kommenteeris Jefimova Duo Star kanali otse-eetris.<\/p>\n<p>Homse finaali eel proovib Jefimova mitte \u00fcle m\u00f5elda.<\/p>\n<p>\u201eHetkel ma ei m\u00f5tle tiitli kaitsmisele. V\u00e4ga raske on v\u00f5rrelda eelmise EMiga, sest seekord on tase niiv\u00f5rd k\u00f5rge. Ma ei tea, kas ma oleksin toonase ajaga t\u00e4na \u00fcldse finaali saanud. Poovin keskenduda sellele, et olla endast parem,\u201c lisas Jefimova.<\/p>\n<p>Poolfinaalide \u00fcldtulemused:<\/p>\n<p><img decoding=\"async\" src=\"https:\/\/www.europesays.com\/ee\/wp-content\/uploads\/2026\/08\/e282ddba-5817-4251-b208-edf8f9d65f09.jpg\" loading=\"lazy\"\/><\/p>\n<p>Jefimova oli hommikuses eelujumises saanud ajaks 1.06,85, mis oli viie eelujumise peale seitsmes tulemus. Hommikul oli kiireim samuti britt Angharad Evans 1.05,45-ga.<\/p>\n<p>Eestlanna tunnistas p\u00e4rast eelujumist, et v\u00f5istluse algus ei kulgenud soovitud moel.<\/p>\n<p>\u201eTegelikult oli v\u00e4ga veider ujumine. Ma ei saanud \u00fcldse aru, mis toimub. Olin stardis liiga vee all, esimene t\u00f5mme ei l\u00e4inud v\u00e4ga h\u00e4sti. \u00dcritasin kiirust \u00fcles ehitada ja l\u00f5puks v\u00f5itlesin tagas, aga v\u00e4ga veider ujumine,\u201c r\u00e4\u00e4kis ta.<\/p>\n<p>Kuidas see lugu Sind end tundma pani?Saada<a href=\"https:\/\/sport.delfi.ee\/artikkel\/120603109\/eesti-rekordi-ujunud-eneli-jefimova-paases-em-il-kindlalt-finaali\/kommentaarid\" class=\"button button--primary button--size-auto article-body-bottom__comment article-body-bottom__comment--write\" style=\"\" rel=\"nofollow noopener\" target=\"_blank\">Kommenteeri<\/a><a href=\"https:\/\/sport.delfi.ee\/artikkel\/120603109\/eesti-rekordi-ujunud-eneli-jefimova-paases-em-il-kindlalt-finaali\/kommentaarid\" class=\"button button--size-auto article-body-bottom__comment article-body-bottom__comment--read\" style=\"\" rel=\"nofollow noopener\" target=\"_blank\">Loe kommentaare (8)<\/a><\/p>\n","protected":false},"excerpt":{"rendered":"19-aastane Jefimova l\u00f5petas oma p\u00f5hiala teise poolfinaali ajaga 1.05,78, \u00fcletades senise enda nimele kuulunud Eesti rekordi kolme sajandikuga.&hellip;\n","protected":false},"author":2,"featured_media":249749,"comment_status":"","ping_status":"","sticky":false,"template":"","format":"standard","meta":{"footnotes":"","_share_on_mastodon":"0"},"categories":[5],"tags":[26,27,37,33,35,5144,34,36,31,32,21,28,29,19,25,23,24,5260,22,20,30],"class_list":["post-249748","post","type-post","status-publish","format-standard","has-post-thumbnail","category-uldised-uudised","tag-breaking-news","tag-breakingnews","tag-ee","tag-eesti","tag-eesti-keel","tag-eneli-jefimova","tag-estonia","tag-estonian","tag-featured-news","tag-featurednews","tag-headlines","tag-latest-news","tag-latestnews","tag-news","tag-populaarseimad-lood","tag-top-stories","tag-topstories","tag-ujumine","tag-uldised-uudised","tag-uudised","tag-viimased-uudised"],"share_on_mastodon":{"url":"https:\/\/pubeurope.com\/@ee\/117078070835785076","error":""},"_links":{"self":[{"href":"https:\/\/www.europesays.com\/ee\/wp-json\/wp\/v2\/posts\/249748","targetHints":{"allow":["GET"]}}],"collection":[{"href":"https:\/\/www.europesays.com\/ee\/wp-json\/wp\/v2\/posts"}],"about":[{"href":"https:\/\/www.europesays.com\/ee\/wp-json\/wp\/v2\/types\/post"}],"author":[{"embeddable":true,"href":"https:\/\/www.europesays.com\/ee\/wp-json\/wp\/v2\/users\/2"}],"replies":[{"embeddable":true,"href":"https:\/\/www.europesays.com\/ee\/wp-json\/wp\/v2\/comments?post=249748"}],"version-history":[{"count":0,"href":"https:\/\/www.europesays.com\/ee\/wp-json\/wp\/v2\/posts\/249748\/revisions"}],"wp:featuredmedia":[{"embeddable":true,"href":"https:\/\/www.europesays.com\/ee\/wp-json\/wp\/v2\/media\/249749"}],"wp:attachment":[{"href":"https:\/\/www.europesays.com\/ee\/wp-json\/wp\/v2\/media?parent=249748"}],"wp:term":[{"taxonomy":"category","embeddable":true,"href":"https:\/\/www.europesays.com\/ee\/wp-json\/wp\/v2\/categories?post=249748"},{"taxonomy":"post_tag","embeddable":true,"href":"https:\/\/www.europesays.com\/ee\/wp-json\/wp\/v2\/tags?post=249748"}],"curies":[{"name":"wp","href":"https:\/\/api.w.org\/{rel}","templated":true}]}}