{"id":249784,"date":"2026-08-11T19:15:45","date_gmt":"2026-08-11T19:15:45","guid":{"rendered":"https:\/\/www.europesays.com\/ee\/249784\/"},"modified":"2026-08-11T19:15:45","modified_gmt":"2026-08-11T19:15:45","slug":"foto-%e2%9f%a9-lapsed-ei-julge-enam-nende-parast-bussiga-kooligi-soita-alkohoolikud-magavad-karksi-nuia-bussijaamas-ja-hairivad-igapaevaelu","status":"publish","type":"post","link":"https:\/\/www.europesays.com\/ee\/249784\/","title":{"rendered":"FOTO \u27e9 \u00abLapsed ei julge enam nende p\u00e4rast bussiga kooligi s\u00f5ita!\u00bb Alkohoolikud magavad Karksi-Nuia bussijaamas ja h\u00e4irivad igap\u00e4evaelu"},"content":{"rendered":"<p>Karksi-Nuia bussipeatuses on kohalike s\u00f5nul korduvalt maganud raskes joobes inimesed, h\u00e4irides bussiootajaid ja tekitades muret eelk\u00f5ige laste p\u00e4rast. 8. augustil tehtud foto t\u00f5i probleemi avalikkuse ette ning maas lamanud inimestele kutsuti v\u00e4idetavalt ka politsei ja kiirabi. Juhtum vallandas \u00fchtlasi arutelu, kuidas tagada avalikus ruumis kord ja turvatunne, alandamata samal ajal v\u00f5imaliku s\u00f5ltuvusprobleemiga inimest.<\/p>\n<p>8. augustil kell 17.07 avaldatud postituses v\u00e4ideti, et Karksi-Nuia bussipeatuses viibinud kaks inimest olid alkoholi tarbinud ja sinna magama j\u00e4\u00e4nud. Postitaja nimetas neid kohaliku kandi napsitrallideks ning kirjutas, et bussijaam ei ole joomiseks sobiv koht, sest seal ootavad \u00fchiss\u00f5idukit ka lapsed.<\/p>\n","protected":false},"excerpt":{"rendered":"Karksi-Nuia bussipeatuses on kohalike s\u00f5nul korduvalt maganud raskes joobes inimesed, h\u00e4irides bussiootajaid ja tekitades muret eelk\u00f5ige laste p\u00e4rast.&hellip;\n","protected":false},"author":2,"featured_media":249785,"comment_status":"","ping_status":"","sticky":false,"template":"","format":"standard","meta":{"footnotes":"","_share_on_mastodon":"0"},"categories":[12],"tags":[98277,29755,26,27,37,33,35,26748,34,36,31,32,21,6302,98276,566,3704,28,29,1778,19,353,25,397,23,24,22,20,30],"class_list":["post-249784","post","type-post","status-publish","format-standard","has-post-thumbnail","category-eesti","tag-alkohoolikud","tag-avalik-kord","tag-breaking-news","tag-breakingnews","tag-ee","tag-eesti","tag-eesti-keel","tag-eraelu-puutumatus","tag-estonia","tag-estonian","tag-featured-news","tag-featurednews","tag-headlines","tag-karksi-nuia","tag-karksi-nuia-bussipeatus","tag-kiirabi","tag-lapsed","tag-latest-news","tag-latestnews","tag-mulgi-vald","tag-news","tag-politsei","tag-populaarseimad-lood","tag-sotsiaalmeedia","tag-top-stories","tag-topstories","tag-uldised-uudised","tag-uudised","tag-viimased-uudised"],"share_on_mastodon":{"url":"","error":"Validation failed: Text character limit of 500 exceeded"},"_links":{"self":[{"href":"https:\/\/www.europesays.com\/ee\/wp-json\/wp\/v2\/posts\/249784","targetHints":{"allow":["GET"]}}],"collection":[{"href":"https:\/\/www.europesays.com\/ee\/wp-json\/wp\/v2\/posts"}],"about":[{"href":"https:\/\/www.europesays.com\/ee\/wp-json\/wp\/v2\/types\/post"}],"author":[{"embeddable":true,"href":"https:\/\/www.europesays.com\/ee\/wp-json\/wp\/v2\/users\/2"}],"replies":[{"embeddable":true,"href":"https:\/\/www.europesays.com\/ee\/wp-json\/wp\/v2\/comments?post=249784"}],"version-history":[{"count":0,"href":"https:\/\/www.europesays.com\/ee\/wp-json\/wp\/v2\/posts\/249784\/revisions"}],"wp:featuredmedia":[{"embeddable":true,"href":"https:\/\/www.europesays.com\/ee\/wp-json\/wp\/v2\/media\/249785"}],"wp:attachment":[{"href":"https:\/\/www.europesays.com\/ee\/wp-json\/wp\/v2\/media?parent=249784"}],"wp:term":[{"taxonomy":"category","embeddable":true,"href":"https:\/\/www.europesays.com\/ee\/wp-json\/wp\/v2\/categories?post=249784"},{"taxonomy":"post_tag","embeddable":true,"href":"https:\/\/www.europesays.com\/ee\/wp-json\/wp\/v2\/tags?post=249784"}],"curies":[{"name":"wp","href":"https:\/\/api.w.org\/{rel}","templated":true}]}}