{"id":249790,"date":"2026-08-11T19:29:24","date_gmt":"2026-08-11T19:29:24","guid":{"rendered":"https:\/\/www.europesays.com\/ee\/249790\/"},"modified":"2026-08-11T19:29:24","modified_gmt":"2026-08-11T19:29:24","slug":"staarideta-manginud-prantsusmaa-korvpallikoondis-kaotas-suurelt-ncaa-voistkonnale-me-alles-saime-kokku","status":"publish","type":"post","link":"https:\/\/www.europesays.com\/ee\/249790\/","title":{"rendered":"Staarideta m\u00e4nginud Prantsusmaa korvpallikoondis kaotas suurelt NCAA v\u00f5istkonnale. \u201eMe alles saime kokku\u201c"},"content":{"rendered":"<p>Esmasp\u00e4eval toimunud kontrollm\u00e4ngus v\u00f5idutses Murray State tulemusega 110:72.  Avaveerandi v\u00f5itis NCAA tiim 27:5, poolajaks oli vahe 62:25.<\/p>\n<p>Vormi testinud Prantsusmaa koondisest olid puudu k\u00f5ik suuremad t\u00e4hed, ent tuntumatest m\u00e4ngijatest olid kohal hiljuti Ateena Panathinaikosega liitunud Sylvain Francisco ja Guerschon Yabusele. <\/p>\n<p>K\u00f5nealune tulemus tekitas k\u00f5neainet sotsiaalmeediaplatvormil X, kus olukorda kommenteeris viimased kaks aastat Kaunase \u017dalgirises m\u00e4nginud Francisco. \u201eMinu jaoks oli see tagasitulek, Guerschoni jaoks samuti (ta tuli alles teisel poolajal sisse),\u201c vastas prantslane \u00fchele kritiseerivale kommentaarile. \u201eMe alles saime kokku ja m\u00e4ngisime tiimi vastu, kes on harjutanud 1. juunist saadik nii r\u00fcnde- kui kaitsem\u00e4ngu.\u201c<\/p>\n<p>Francisco oli \u00fchtlasi Prantsusmaa resultatiivseim 23 punktiga. Murray State\u2019i v\u00f5istkonna eest viskas Roman Domon 24 punkti.<\/p>\n<p>Prantsusmaa korvpallikoondise jaoks ootavad ametlikud v\u00f5istlusm\u00e4ngud ees augusti l\u00f5pus. 2027. aasta MM-i valiksarjas on prantslased teises ringis L-grupis, kuhu kuulub ka Eesti.  Teises ringis, kuhu esimese ringi tulemused kaasa v\u00f5eti, on Prantsusmaa L-grupis hetkel parima saldoga (5 v\u00f5itu, 1 kaotus). Liidrile j\u00e4rgnevad Soome (4-2), Eesti, Sloveenia, Ungari ja Rootsi (k\u00f5igil 3-3).<\/p>\n<p>Prantsusmaa j\u00e4tkab valikts\u00fckliga 27. augustil, kui vastas on Sloveenia. Eesti l\u00e4heb prantslastega vastamisi 27. novembril kodus ja j\u00e4rgmise aasta 28. veebruaril v\u00f5\u00f5rsil.<\/p>\n<p>Kuidas see lugu Sind end tundma pani?Saada<a href=\"https:\/\/sport.delfi.ee\/a\/120602909\/staarideta-manginud-prantsusmaa-korvpallikoondis-kaotas-suurelt-ncaa-voistkonnale-me-alles-saime-kokku\/kommentaarid\" class=\"button button--primary button--size-auto article-body-bottom__comment article-body-bottom__comment--write\" style=\"\" rel=\"nofollow noopener\" target=\"_blank\">Kommenteeri<\/a><a href=\"https:\/\/sport.delfi.ee\/a\/120602909\/staarideta-manginud-prantsusmaa-korvpallikoondis-kaotas-suurelt-ncaa-voistkonnale-me-alles-saime-kokku\/kommentaarid\" class=\"button button--size-auto article-body-bottom__comment article-body-bottom__comment--read\" style=\"\" rel=\"nofollow noopener\" target=\"_blank\">Loe kommentaare (6)<\/a><\/p>\n","protected":false},"excerpt":{"rendered":"Esmasp\u00e4eval toimunud kontrollm\u00e4ngus v\u00f5idutses Murray State tulemusega 110:72. Avaveerandi v\u00f5itis NCAA tiim 27:5, poolajaks oli vahe 62:25. Vormi&hellip;\n","protected":false},"author":2,"featured_media":249791,"comment_status":"","ping_status":"","sticky":false,"template":"","format":"standard","meta":{"footnotes":"","_share_on_mastodon":"0"},"categories":[18],"tags":[37,33,35,34,36,12930,90625,159,158],"class_list":["post-249790","post","type-post","status-publish","format-standard","has-post-thumbnail","category-sport","tag-ee","tag-eesti","tag-eesti-keel","tag-estonia","tag-estonian","tag-ncaa","tag-prantsusmaa-korvpallikoondis","tag-sport","tag-sports"],"share_on_mastodon":{"url":"https:\/\/pubeurope.com\/@ee\/117078534758924981","error":""},"_links":{"self":[{"href":"https:\/\/www.europesays.com\/ee\/wp-json\/wp\/v2\/posts\/249790","targetHints":{"allow":["GET"]}}],"collection":[{"href":"https:\/\/www.europesays.com\/ee\/wp-json\/wp\/v2\/posts"}],"about":[{"href":"https:\/\/www.europesays.com\/ee\/wp-json\/wp\/v2\/types\/post"}],"author":[{"embeddable":true,"href":"https:\/\/www.europesays.com\/ee\/wp-json\/wp\/v2\/users\/2"}],"replies":[{"embeddable":true,"href":"https:\/\/www.europesays.com\/ee\/wp-json\/wp\/v2\/comments?post=249790"}],"version-history":[{"count":0,"href":"https:\/\/www.europesays.com\/ee\/wp-json\/wp\/v2\/posts\/249790\/revisions"}],"wp:featuredmedia":[{"embeddable":true,"href":"https:\/\/www.europesays.com\/ee\/wp-json\/wp\/v2\/media\/249791"}],"wp:attachment":[{"href":"https:\/\/www.europesays.com\/ee\/wp-json\/wp\/v2\/media?parent=249790"}],"wp:term":[{"taxonomy":"category","embeddable":true,"href":"https:\/\/www.europesays.com\/ee\/wp-json\/wp\/v2\/categories?post=249790"},{"taxonomy":"post_tag","embeddable":true,"href":"https:\/\/www.europesays.com\/ee\/wp-json\/wp\/v2\/tags?post=249790"}],"curies":[{"name":"wp","href":"https:\/\/api.w.org\/{rel}","templated":true}]}}