{"id":249858,"date":"2026-08-11T23:38:17","date_gmt":"2026-08-11T23:38:17","guid":{"rendered":"https:\/\/www.europesays.com\/ee\/249858\/"},"modified":"2026-08-11T23:38:17","modified_gmt":"2026-08-11T23:38:17","slug":"anthropic-lisas-claudei-loodule-salajased-vesimargid","status":"publish","type":"post","link":"https:\/\/www.europesays.com\/ee\/249858\/","title":{"rendered":"Anthropic lisas Claude&#8217;i loodule salajased vesim\u00e4rgid"},"content":{"rendered":"<p>Tehisaru vastused, mis kannavad endas varjatud allkirja \u2013 k\u00f5lab ulmena, kuid juba l\u00e4hikuudel saab sellest uue p\u00f5lvkonna Claude\u2019i mudelite igap\u00e4evane reaalsus. USA tehnoloogiaettev\u00f5te Anthropic hakkab peitma oma mudelite loodud tekstidesse ja failidesse masinloetavaid m\u00e4rke, mis j\u00e4\u00e4vad alles ka kopeerimise ja jagamise j\u00e4rel.<\/p>\n<p>Muudatus pole suunatud \u00fcksnes Euroopa turule, kuigi t\u00f5uke annab v\u00e4rske EL-i tehisaru regulatsioon. Mida need m\u00e4rgid tegelikult v\u00f5imaldavad \u2013 ja kui palju saab nendele loota, kui k\u00fcsimuse all on tehisaru roll teksti v\u00f5i pildi s\u00fcnniloos?<\/p>\n","protected":false},"excerpt":{"rendered":"Tehisaru vastused, mis kannavad endas varjatud allkirja \u2013 k\u00f5lab ulmena, kuid juba l\u00e4hikuudel saab sellest uue p\u00f5lvkonna Claude\u2019i&hellip;\n","protected":false},"author":2,"featured_media":249859,"comment_status":"","ping_status":"","sticky":false,"template":"","format":"standard","meta":{"footnotes":"","_share_on_mastodon":"0"},"categories":[14],"tags":[7582,131,130,18838,37,33,35,34,36,98308,98309,98307,98306],"class_list":["post-249858","post","type-post","status-publish","format-standard","has-post-thumbnail","category-ari","tag-anthropic","tag-ari","tag-business","tag-claude","tag-ee","tag-eesti","tag-eesti-keel","tag-estonia","tag-estonian","tag-euroopa-liidu-tehisintellekti-akt","tag-labipaistvusnouded","tag-tehisaru-loodud-sisu-tuvastamine","tag-tehisintellekti-vesimark"],"share_on_mastodon":{"url":"https:\/\/pubeurope.com\/@ee\/117079513703962239","error":""},"_links":{"self":[{"href":"https:\/\/www.europesays.com\/ee\/wp-json\/wp\/v2\/posts\/249858","targetHints":{"allow":["GET"]}}],"collection":[{"href":"https:\/\/www.europesays.com\/ee\/wp-json\/wp\/v2\/posts"}],"about":[{"href":"https:\/\/www.europesays.com\/ee\/wp-json\/wp\/v2\/types\/post"}],"author":[{"embeddable":true,"href":"https:\/\/www.europesays.com\/ee\/wp-json\/wp\/v2\/users\/2"}],"replies":[{"embeddable":true,"href":"https:\/\/www.europesays.com\/ee\/wp-json\/wp\/v2\/comments?post=249858"}],"version-history":[{"count":0,"href":"https:\/\/www.europesays.com\/ee\/wp-json\/wp\/v2\/posts\/249858\/revisions"}],"wp:featuredmedia":[{"embeddable":true,"href":"https:\/\/www.europesays.com\/ee\/wp-json\/wp\/v2\/media\/249859"}],"wp:attachment":[{"href":"https:\/\/www.europesays.com\/ee\/wp-json\/wp\/v2\/media?parent=249858"}],"wp:term":[{"taxonomy":"category","embeddable":true,"href":"https:\/\/www.europesays.com\/ee\/wp-json\/wp\/v2\/categories?post=249858"},{"taxonomy":"post_tag","embeddable":true,"href":"https:\/\/www.europesays.com\/ee\/wp-json\/wp\/v2\/tags?post=249858"}],"curies":[{"name":"wp","href":"https:\/\/api.w.org\/{rel}","templated":true}]}}