{"id":249898,"date":"2026-08-12T01:27:14","date_gmt":"2026-08-12T01:27:14","guid":{"rendered":"https:\/\/www.europesays.com\/ee\/249898\/"},"modified":"2026-08-12T01:27:14","modified_gmt":"2026-08-12T01:27:14","slug":"homne-eesti-%e2%9f%a9-august-roosi-meie-riik-tallinn","status":"publish","type":"post","link":"https:\/\/www.europesays.com\/ee\/249898\/","title":{"rendered":"HOMNE EESTI \u27e9 August Roosi: Meie riik Tallinn"},"content":{"rendered":"<p class=\"MsoNormal\">Tallinn on ainult de jure, seaduse j\u00e4rgi m\u00e4\u00e4ratletud linnapiir, kuid inimesi, kes mitu korda n\u00e4dalas v\u00f5i igap\u00e4evaselt Tallinnasse t\u00f6\u00f6le, kultuurihoonetesse v\u00f5i poodidesse l\u00e4heb, on m\u00e4rgatavalt rohkem. Meie pealinna tegelike ehk de facto piiride m\u00e4\u00e4ratlemine on palju raskem. Kujutisel 1 asuv kaart n\u00e4itab meile \u00fcpris selgelt, et Harjumaa ongi Tallinn. Statistikaameti kaardil on v\u00e4lja toodud rahvastikutihedus ruutudena. Kus ruute ei ole, elab v\u00e4hem kui 50 inimest. Sellelt kujutiselt on selgelt n\u00e4ha, et Harjumaal elavad inimesed peamiselt Tallinnas ning selle \u00fcmber ringina v\u00f5i sisse viivate suurte teede \u00e4\u00e4res. \u00dclej\u00e4\u00e4nud Harjumaa on \u00fcpris t\u00fchi. Tekib aga k\u00fcsimus, kas see on halb, et meie pealinn on nii lopsaka t\u00e4htsusega Eestis. J\u00e4rgnevalt toon v\u00e4lja, miks hetkeseis ja kestev trend monolinnastumise poole ei ole m\u00f5istlik.<\/p>\n","protected":false},"excerpt":{"rendered":"Tallinn on ainult de jure, seaduse j\u00e4rgi m\u00e4\u00e4ratletud linnapiir, kuid inimesi, kes mitu korda n\u00e4dalas v\u00f5i igap\u00e4evaselt Tallinnasse&hellip;\n","protected":false},"author":2,"featured_media":249899,"comment_status":"","ping_status":"","sticky":false,"template":"","format":"standard","meta":{"footnotes":"","_share_on_mastodon":"0"},"categories":[12],"tags":[26,27,37,33,35,98335,34,36,31,32,10062,21,2934,28,29,98334,19,25,98336,13184,3711,2130,23,24,22,20,30,1975],"class_list":["post-249898","post","type-post","status-publish","format-standard","has-post-thumbnail","category-eesti","tag-breaking-news","tag-breakingnews","tag-ee","tag-eesti","tag-eesti-keel","tag-err-telemaja","tag-estonia","tag-estonian","tag-featured-news","tag-featurednews","tag-harjumaa","tag-headlines","tag-kinnisvaraturg","tag-latest-news","tag-latestnews","tag-monolinnastumine","tag-news","tag-populaarseimad-lood","tag-rahvastikutihedus","tag-regionaalpoliitika","tag-sisseranne","tag-tallinn","tag-top-stories","tag-topstories","tag-uldised-uudised","tag-uudised","tag-viimased-uudised","tag-vorumaa"],"share_on_mastodon":{"url":"https:\/\/pubeurope.com\/@ee\/117079942402555682","error":""},"_links":{"self":[{"href":"https:\/\/www.europesays.com\/ee\/wp-json\/wp\/v2\/posts\/249898","targetHints":{"allow":["GET"]}}],"collection":[{"href":"https:\/\/www.europesays.com\/ee\/wp-json\/wp\/v2\/posts"}],"about":[{"href":"https:\/\/www.europesays.com\/ee\/wp-json\/wp\/v2\/types\/post"}],"author":[{"embeddable":true,"href":"https:\/\/www.europesays.com\/ee\/wp-json\/wp\/v2\/users\/2"}],"replies":[{"embeddable":true,"href":"https:\/\/www.europesays.com\/ee\/wp-json\/wp\/v2\/comments?post=249898"}],"version-history":[{"count":0,"href":"https:\/\/www.europesays.com\/ee\/wp-json\/wp\/v2\/posts\/249898\/revisions"}],"wp:featuredmedia":[{"embeddable":true,"href":"https:\/\/www.europesays.com\/ee\/wp-json\/wp\/v2\/media\/249899"}],"wp:attachment":[{"href":"https:\/\/www.europesays.com\/ee\/wp-json\/wp\/v2\/media?parent=249898"}],"wp:term":[{"taxonomy":"category","embeddable":true,"href":"https:\/\/www.europesays.com\/ee\/wp-json\/wp\/v2\/categories?post=249898"},{"taxonomy":"post_tag","embeddable":true,"href":"https:\/\/www.europesays.com\/ee\/wp-json\/wp\/v2\/tags?post=249898"}],"curies":[{"name":"wp","href":"https:\/\/api.w.org\/{rel}","templated":true}]}}