{"id":249918,"date":"2026-08-12T02:31:08","date_gmt":"2026-08-12T02:31:08","guid":{"rendered":"https:\/\/www.europesays.com\/ee\/249918\/"},"modified":"2026-08-12T02:31:08","modified_gmt":"2026-08-12T02:31:08","slug":"eesti-tulevase-esirikka-jaan-tallinna-suurettevote-on-esmapilgul-nutuses-seisus-aga-tode-on-midagi-muud","status":"publish","type":"post","link":"https:\/\/www.europesays.com\/ee\/249918\/","title":{"rendered":"Eesti tulevase esirikka Jaan Tallinna suurettev\u00f5te on esmapilgul nutuses seisus, aga t\u00f5de on midagi muud"},"content":{"rendered":"<p>Kuumima investori all ei pea autor seejuures silmas seltskonnaajakirjanduses kasutatavat terminit, vaid viide osutab t\u00f5igale, et Jaan Tallinna investeeringud <a rel=\"noopener nofollow\" target=\"_blank\" href=\"https:\/\/www.delfi.ee\/teema\/96881362\/anthropic\" tag-id=\"96881362\">Anthropicusse<\/a> on olnud viimasel ajal pidevalt ajakirjandusveergudel kuum teema. Just Metaplanet Holdingsi t\u00fctarfirmade kaudu ta AI-maailma \u00fchte suuremasse nimesse investeerinud ongi. T\u00f5si, aruandes on investeering kirjas t\u00f5en\u00e4oliselt soetushinnana ehk arvestatud ei ole Anthropicu hinnangulist v\u00e4\u00e4rtust. Enne b\u00f6rsile minekut, mida ettev\u00f5te ka plaanib, ongi keeruline selle tegelikku hinda paika panna.<\/p>\n<p>Jaan Tallinn v\u00f5ib praegu olla Eesti rikkaim inimene, kuid Anthropicu edu j\u00e4tkudes ja b\u00f6rsile tulles on ta seda kindlasti.<\/p>\n<p><a href=\"https:\/\/arileht.delfi.ee\/artikkel\/120602990\/eesti-tulevase-esirikka-jaan-tallinna-suurettevote-on-esmapilgul-nutuses-seisus-aga-tode-on-midagi-muud\/kommentaarid\" class=\"button button--primary button--size-auto article-body-bottom__comment article-body-bottom__comment--write\" style=\"\" rel=\"nofollow noopener\" target=\"_blank\">Kommenteeri<\/a><a href=\"https:\/\/arileht.delfi.ee\/artikkel\/120602990\/eesti-tulevase-esirikka-jaan-tallinna-suurettevote-on-esmapilgul-nutuses-seisus-aga-tode-on-midagi-muud\/kommentaarid\" class=\"button button--size-auto article-body-bottom__comment article-body-bottom__comment--read\" style=\"\" rel=\"nofollow noopener\" target=\"_blank\">Loe kommentaare <\/a><\/p>\n","protected":false},"excerpt":{"rendered":"Kuumima investori all ei pea autor seejuures silmas seltskonnaajakirjanduses kasutatavat terminit, vaid viide osutab t\u00f5igale, et Jaan Tallinna&hellip;\n","protected":false},"author":2,"featured_media":249919,"comment_status":"","ping_status":"","sticky":false,"template":"","format":"standard","meta":{"footnotes":"","_share_on_mastodon":"0"},"categories":[14],"tags":[7582,131,130,37,33,35,34,36,22926,98340,20598,373],"class_list":["post-249918","post","type-post","status-publish","format-standard","has-post-thumbnail","category-ari","tag-anthropic","tag-ari","tag-business","tag-ee","tag-eesti","tag-eesti-keel","tag-estonia","tag-estonian","tag-jaan-tallinn","tag-metaplanet-holdings","tag-riskikapital","tag-tehisintellekt"],"share_on_mastodon":{"url":"https:\/\/pubeurope.com\/@ee\/117080194230671400","error":""},"_links":{"self":[{"href":"https:\/\/www.europesays.com\/ee\/wp-json\/wp\/v2\/posts\/249918","targetHints":{"allow":["GET"]}}],"collection":[{"href":"https:\/\/www.europesays.com\/ee\/wp-json\/wp\/v2\/posts"}],"about":[{"href":"https:\/\/www.europesays.com\/ee\/wp-json\/wp\/v2\/types\/post"}],"author":[{"embeddable":true,"href":"https:\/\/www.europesays.com\/ee\/wp-json\/wp\/v2\/users\/2"}],"replies":[{"embeddable":true,"href":"https:\/\/www.europesays.com\/ee\/wp-json\/wp\/v2\/comments?post=249918"}],"version-history":[{"count":0,"href":"https:\/\/www.europesays.com\/ee\/wp-json\/wp\/v2\/posts\/249918\/revisions"}],"wp:featuredmedia":[{"embeddable":true,"href":"https:\/\/www.europesays.com\/ee\/wp-json\/wp\/v2\/media\/249919"}],"wp:attachment":[{"href":"https:\/\/www.europesays.com\/ee\/wp-json\/wp\/v2\/media?parent=249918"}],"wp:term":[{"taxonomy":"category","embeddable":true,"href":"https:\/\/www.europesays.com\/ee\/wp-json\/wp\/v2\/categories?post=249918"},{"taxonomy":"post_tag","embeddable":true,"href":"https:\/\/www.europesays.com\/ee\/wp-json\/wp\/v2\/tags?post=249918"}],"curies":[{"name":"wp","href":"https:\/\/api.w.org\/{rel}","templated":true}]}}