{"id":249952,"date":"2026-08-12T03:50:29","date_gmt":"2026-08-12T03:50:29","guid":{"rendered":"https:\/\/www.europesays.com\/ee\/249952\/"},"modified":"2026-08-12T03:50:29","modified_gmt":"2026-08-12T03:50:29","slug":"zooloog-joosep-sarapuu-rotid-on-inimestest-alati-sammu-vorra-ees-vikerraadio","status":"publish","type":"post","link":"https:\/\/www.europesays.com\/ee\/249952\/","title":{"rendered":"Zooloog Joosep Sarapuu: rotid on inimestest alati sammu v\u00f5rra ees | Vikerraadio"},"content":{"rendered":"<p>Zooloog Joosep Sarapuu r\u00e4\u00e4kis &#8220;\u00d6koskoobis&#8221;, et toiduaineid v\u00f5iks hoida suletavates purkides ja k\u00f5ik pilud ning avad maja \u00fcmber tuleks kinni katta. Sarapuu s\u00f5nul peaksime pigem \u00f5ppima rottidega kuidagi koos elama, sest praktikas on neist p\u00e4ris lahti ikkagi v\u00f5imatu saada.<\/p>\n<p>&#8220;Rotid on inimestest alati sammu v\u00f5rra ees. Nad on h\u00e4sti ettevaatlikud uute objektide, asjade ja l\u00f5hnade suhtes. Rotid on v\u00e4ga territoriaalsed loomad, kes elavad r\u00fchmadena koos, k\u00fcmme kuni kaksk\u00fcmmend t\u00e4iskasvanud isendit ja nende pojad. Kui \u00fches kohas l\u00e4heb asustustihedus liialt suureks, peavad noored rotid minema endale uut elupaika otsima,&#8221; \u00fctles loodusmuuseumi zooloog\u00a0Joosep Sarapuu.<\/p>\n<p>Rotid v\u00e4ga kaugele ei r\u00e4nda, reeglina leiavad nad uue elupaiga k\u00f5rvalmajas.<\/p>\n<p>Linnas on v\u00e4ga palju toitu ja kodudes suudavad rotid k\u00fclma aja v\u00e4ga h\u00e4sti \u00fcle elada. &#8220;Eesti m\u00f5ttes saamegi r\u00e4\u00e4kida ainult linnarottidest. Rotid on \u00fcsnagi \u00f5ppimisv\u00f5imelised. Kui hierarhias madalamal positsioonil olev rott l\u00e4heb l\u00f5ksu proovima, siis k\u00f5rgemal positsioonil olevad vanemad rotid kohe seda j\u00e4rgi proovima ei l\u00e4he, nad suudavad aru saada, kui midagi neile halba peaks tegema.&#8221;<\/p>\n<p>Hiired ja rotid koos ei eksisteeri, hiired on v\u00e4iksemad ja n\u00f5rgemad. &#8220;Rott ei taha endale sellised konkurente. Rottide liigikaaslased ise on juba teiste r\u00fchmade suhtes vaenulikud ja v\u00f5itja on kindlasti rott, kes siis hiire maha murrab,&#8221; t\u00f5des zooloog.<\/p>\n<p>Toiduaineid v\u00f5iks hoida suletavates purkides, mitte karpides, kuhu rott h\u00f5lpsalt ligi p\u00e4\u00e4seb. &#8220;K\u00f5ik pilud ja avad maja \u00fcmber tuleks ka v\u00f5imalusel kinni katta. Ka v\u00e4ga v\u00e4ikesest pilust saavad hiired ja rotid tuppa. Hiired p\u00e4\u00e4sevad tuppa ka k\u00fcmnesendise suurusega avast,&#8221; t\u00f5i Sarapuu v\u00e4lja.<\/p>\n<p>Rotid ja koduhiired peavad talve \u00fcle elama kindlasti inimese juures, sest mujal nad ellu j\u00e4\u00e4da ei suuda. &#8220;Praktikas on neist p\u00e4ris lahti ikka v\u00e4ga v\u00f5imatu saada, kui nad juba inimese juures on, sest nad on piisavalt ettevaatlikud ja sigivad p\u00e4ris kiiresti. Inimene peaks rottidest alati samm ees olema, aga kas me seda p\u00e4riselt suudame, on raske \u00f6elda. Pigem peaksime \u00f5ppima rottidega kuidagi koos elama.&#8221;<\/p>\n","protected":false},"excerpt":{"rendered":"Zooloog Joosep Sarapuu r\u00e4\u00e4kis &#8220;\u00d6koskoobis&#8221;, et toiduaineid v\u00f5iks hoida suletavates purkides ja k\u00f5ik pilud ning avad maja \u00fcmber&hellip;\n","protected":false},"author":2,"featured_media":249953,"comment_status":"","ping_status":"","sticky":false,"template":"","format":"standard","meta":{"footnotes":"","_share_on_mastodon":"0"},"categories":[12],"tags":[26,27,37,33,35,34,36,31,32,21,38697,36813,28,29,19,25,13790,23,24,22,20,30],"class_list":["post-249952","post","type-post","status-publish","format-standard","has-post-thumbnail","category-eesti","tag-breaking-news","tag-breakingnews","tag-ee","tag-eesti","tag-eesti-keel","tag-estonia","tag-estonian","tag-featured-news","tag-featurednews","tag-headlines","tag-hiir","tag-joosep-sarapuu","tag-latest-news","tag-latestnews","tag-news","tag-populaarseimad-lood","tag-rott","tag-top-stories","tag-topstories","tag-uldised-uudised","tag-uudised","tag-viimased-uudised"],"share_on_mastodon":{"url":"https:\/\/pubeurope.com\/@ee\/117080504775166709","error":""},"_links":{"self":[{"href":"https:\/\/www.europesays.com\/ee\/wp-json\/wp\/v2\/posts\/249952","targetHints":{"allow":["GET"]}}],"collection":[{"href":"https:\/\/www.europesays.com\/ee\/wp-json\/wp\/v2\/posts"}],"about":[{"href":"https:\/\/www.europesays.com\/ee\/wp-json\/wp\/v2\/types\/post"}],"author":[{"embeddable":true,"href":"https:\/\/www.europesays.com\/ee\/wp-json\/wp\/v2\/users\/2"}],"replies":[{"embeddable":true,"href":"https:\/\/www.europesays.com\/ee\/wp-json\/wp\/v2\/comments?post=249952"}],"version-history":[{"count":0,"href":"https:\/\/www.europesays.com\/ee\/wp-json\/wp\/v2\/posts\/249952\/revisions"}],"wp:featuredmedia":[{"embeddable":true,"href":"https:\/\/www.europesays.com\/ee\/wp-json\/wp\/v2\/media\/249953"}],"wp:attachment":[{"href":"https:\/\/www.europesays.com\/ee\/wp-json\/wp\/v2\/media?parent=249952"}],"wp:term":[{"taxonomy":"category","embeddable":true,"href":"https:\/\/www.europesays.com\/ee\/wp-json\/wp\/v2\/categories?post=249952"},{"taxonomy":"post_tag","embeddable":true,"href":"https:\/\/www.europesays.com\/ee\/wp-json\/wp\/v2\/tags?post=249952"}],"curies":[{"name":"wp","href":"https:\/\/api.w.org\/{rel}","templated":true}]}}