{"id":249964,"date":"2026-08-12T04:31:08","date_gmt":"2026-08-12T04:31:08","guid":{"rendered":"https:\/\/www.europesays.com\/ee\/249964\/"},"modified":"2026-08-12T04:31:08","modified_gmt":"2026-08-12T04:31:08","slug":"ulevaade-%e2%9f%a9-kas-wrc-sarja-uue-peremehe-paastja-kuvand-on-oigustatud","status":"publish","type":"post","link":"https:\/\/www.europesays.com\/ee\/249964\/","title":{"rendered":"\u00dcLEVAADE \u27e9 Kas WRC-sarja uue peremehe p\u00e4\u00e4stja-kuvand on \u00f5igustatud?"},"content":{"rendered":"<p>Autoralli MM-sarja uue peremehe Eric Boullier&#8217; puhul on kvaliteedim\u00e4rgina toodud v\u00e4lja tema kogemust F1-sarja tiimijuhina. Aga kas ta tegi vormelimaailmas head t\u00f6\u00f6d v\u00f5i osutus pigem h\u00e4dap\u00e4takaks?<\/p>\n<p>Rahvusvaheline autoliit (FIA) teatas juuli l\u00f5pus, et j\u00f5udis fini\u0161isse autoralli MM-sarja korraldava ettev\u00f5tte WRC Promoter GmbH m\u00fc\u00fcgiga. Sarja uueks omanikuks sai Boullier&#8217; juhitud konsortsium, kus on Prantsusmaa autotehnoloogia ettev\u00f5te Cosmobilis ja erakapitali investor Park Square Capital.<\/p>\n","protected":false},"excerpt":{"rendered":"Autoralli MM-sarja uue peremehe Eric Boullier&#8217; puhul on kvaliteedim\u00e4rgina toodud v\u00e4lja tema kogemust F1-sarja tiimijuhina. Aga kas ta&hellip;\n","protected":false},"author":2,"featured_media":249965,"comment_status":"","ping_status":"","sticky":false,"template":"","format":"standard","meta":{"footnotes":"","_share_on_mastodon":"0"},"categories":[18],"tags":[37,33,35,98354,34,36,8136,159,158,1192],"class_list":["post-249964","post","type-post","status-publish","format-standard","has-post-thumbnail","category-sport","tag-ee","tag-eesti","tag-eesti-keel","tag-eric-boullier","tag-estonia","tag-estonian","tag-f1","tag-sport","tag-sports","tag-wrc"],"share_on_mastodon":{"url":"https:\/\/pubeurope.com\/@ee\/117080665899167745","error":""},"_links":{"self":[{"href":"https:\/\/www.europesays.com\/ee\/wp-json\/wp\/v2\/posts\/249964","targetHints":{"allow":["GET"]}}],"collection":[{"href":"https:\/\/www.europesays.com\/ee\/wp-json\/wp\/v2\/posts"}],"about":[{"href":"https:\/\/www.europesays.com\/ee\/wp-json\/wp\/v2\/types\/post"}],"author":[{"embeddable":true,"href":"https:\/\/www.europesays.com\/ee\/wp-json\/wp\/v2\/users\/2"}],"replies":[{"embeddable":true,"href":"https:\/\/www.europesays.com\/ee\/wp-json\/wp\/v2\/comments?post=249964"}],"version-history":[{"count":0,"href":"https:\/\/www.europesays.com\/ee\/wp-json\/wp\/v2\/posts\/249964\/revisions"}],"wp:featuredmedia":[{"embeddable":true,"href":"https:\/\/www.europesays.com\/ee\/wp-json\/wp\/v2\/media\/249965"}],"wp:attachment":[{"href":"https:\/\/www.europesays.com\/ee\/wp-json\/wp\/v2\/media?parent=249964"}],"wp:term":[{"taxonomy":"category","embeddable":true,"href":"https:\/\/www.europesays.com\/ee\/wp-json\/wp\/v2\/categories?post=249964"},{"taxonomy":"post_tag","embeddable":true,"href":"https:\/\/www.europesays.com\/ee\/wp-json\/wp\/v2\/tags?post=249964"}],"curies":[{"name":"wp","href":"https:\/\/api.w.org\/{rel}","templated":true}]}}