{"id":250046,"date":"2026-08-12T06:59:39","date_gmt":"2026-08-12T06:59:39","guid":{"rendered":"https:\/\/www.europesays.com\/ee\/250046\/"},"modified":"2026-08-12T06:59:39","modified_gmt":"2026-08-12T06:59:39","slug":"kolumn-jan-werner-muller-kui-parempopulistid-rundavad-demokraatiat-tuleb-nende-erakonnad-keelata-2","status":"publish","type":"post","link":"https:\/\/www.europesays.com\/ee\/250046\/","title":{"rendered":"KOLUMN | Jan-Werner M\u00fcller: kui parempopulistid r\u00fcndavad demokraatiat, tuleb nende erakonnad keelata"},"content":{"rendered":"<p>\u00dcks 20. sajandi poliitiliste katastroofide peamisi \u00f5ppetunde n\u00e4ib paradoksaalne: <a rel=\"noopener nofollow\" target=\"_blank\" href=\"https:\/\/www.delfi.ee\/teema\/23879023\/demokraatia\" tag-id=\"23879023\">demokraatlikud<\/a> riigid peavad m\u00f5nikord rakendama n\u00e4iliselt ebademokraatlikke meetmeid nende vastu, kes kasutaksid s\u00fcsteemi k\u00fc\u00fcniliselt \u00e4ra, et v\u00f5imule p\u00e4\u00e4seda ja seej\u00e4rel demokraatia t\u00e4ielikult kaotada. Probleem seisneb muidugi selles, et sellised meetmed annavad alust s\u00fc\u00fcdistusteks, nagu oleks demokraatia juba iseenda kaotanud.<\/p>\n","protected":false},"excerpt":{"rendered":"\u00dcks 20. sajandi poliitiliste katastroofide peamisi \u00f5ppetunde n\u00e4ib paradoksaalne: demokraatlikud riigid peavad m\u00f5nikord rakendama n\u00e4iliselt ebademokraatlikke meetmeid nende&hellip;\n","protected":false},"author":2,"featured_media":250047,"comment_status":"","ping_status":"","sticky":false,"template":"","format":"standard","meta":{"footnotes":"","_share_on_mastodon":"0"},"categories":[80],"tags":[6287,26,27,2260,324,37,33,35,34,36,31,32,21,28,29,98045,95,19,5274,98044,25,23,24,22,20,30,3796,92,93,94],"class_list":["post-250046","post","type-post","status-publish","format-standard","has-post-thumbnail","category-maailm","tag-alternatiiv-saksamaale-afd","tag-breaking-news","tag-breakingnews","tag-demokraatia","tag-donald-trump","tag-ee","tag-eesti","tag-eesti-keel","tag-estonia","tag-estonian","tag-featured-news","tag-featurednews","tag-headlines","tag-latest-news","tag-latestnews","tag-le-pen","tag-maailm","tag-news","tag-nigel-farage","tag-npd","tag-populaarseimad-lood","tag-top-stories","tag-topstories","tag-uldised-uudised","tag-uudised","tag-viimased-uudised","tag-viktor-orban","tag-world","tag-world-news","tag-worldnews"],"share_on_mastodon":{"url":"https:\/\/pubeurope.com\/@ee\/117081247855836957","error":""},"_links":{"self":[{"href":"https:\/\/www.europesays.com\/ee\/wp-json\/wp\/v2\/posts\/250046","targetHints":{"allow":["GET"]}}],"collection":[{"href":"https:\/\/www.europesays.com\/ee\/wp-json\/wp\/v2\/posts"}],"about":[{"href":"https:\/\/www.europesays.com\/ee\/wp-json\/wp\/v2\/types\/post"}],"author":[{"embeddable":true,"href":"https:\/\/www.europesays.com\/ee\/wp-json\/wp\/v2\/users\/2"}],"replies":[{"embeddable":true,"href":"https:\/\/www.europesays.com\/ee\/wp-json\/wp\/v2\/comments?post=250046"}],"version-history":[{"count":0,"href":"https:\/\/www.europesays.com\/ee\/wp-json\/wp\/v2\/posts\/250046\/revisions"}],"wp:featuredmedia":[{"embeddable":true,"href":"https:\/\/www.europesays.com\/ee\/wp-json\/wp\/v2\/media\/250047"}],"wp:attachment":[{"href":"https:\/\/www.europesays.com\/ee\/wp-json\/wp\/v2\/media?parent=250046"}],"wp:term":[{"taxonomy":"category","embeddable":true,"href":"https:\/\/www.europesays.com\/ee\/wp-json\/wp\/v2\/categories?post=250046"},{"taxonomy":"post_tag","embeddable":true,"href":"https:\/\/www.europesays.com\/ee\/wp-json\/wp\/v2\/tags?post=250046"}],"curies":[{"name":"wp","href":"https:\/\/api.w.org\/{rel}","templated":true}]}}