{"id":250248,"date":"2026-08-12T11:08:19","date_gmt":"2026-08-12T11:08:19","guid":{"rendered":"https:\/\/www.europesays.com\/ee\/250248\/"},"modified":"2026-08-12T11:08:19","modified_gmt":"2026-08-12T11:08:19","slug":"ppa-uurib-kas-ametlikke-kirju-voib-saata-omniva-konkurentidega","status":"publish","type":"post","link":"https:\/\/www.europesays.com\/ee\/250248\/","title":{"rendered":"PPA uurib, kas ametlikke kirju v\u00f5ib saata Omniva konkurentidega"},"content":{"rendered":"<p class=\"MsoNormal\">PPA p\u00f6\u00f6rdus konkurentsiameti poole, et saada selgust, milliseid postiteenuseid v\u00f5ib riigiasutus konkurentsi korras sisse osta. Eestis on universaalse postiteenuse osutaja endiselt ainult Eesti Post ehk Omniva. See ei t\u00e4henda siiski, et ainult Omniva tohiks kirju ja pakke vedada. Teised ettev\u00f5tted v\u00f5ivad samuti postiteenuseid pakkuda, kuid erinevalt Omnivast ei pea nad tagama universaalteenust kogu Eestis.<\/p>\n","protected":false},"excerpt":{"rendered":"PPA p\u00f6\u00f6rdus konkurentsiameti poole, et saada selgust, milliseid postiteenuseid v\u00f5ib riigiasutus konkurentsi korras sisse osta. Eestis on universaalse&hellip;\n","protected":false},"author":2,"featured_media":250249,"comment_status":"","ping_status":"","sticky":false,"template":"","format":"standard","meta":{"footnotes":"","_share_on_mastodon":"0"},"categories":[12],"tags":[26,27,37,33,35,255,34,36,31,32,21,7639,28,29,98445,19,254,2920,25,83791,9707,4262,98444,98446,23,24,22,23627,20,30],"class_list":["post-250248","post","type-post","status-publish","format-standard","has-post-thumbnail","category-eesti","tag-breaking-news","tag-breakingnews","tag-ee","tag-eesti","tag-eesti-keel","tag-eesti-post","tag-estonia","tag-estonian","tag-featured-news","tag-featurednews","tag-headlines","tag-konkurentsiamet","tag-latest-news","tag-latestnews","tag-menetlusdokument","tag-news","tag-omniva","tag-politsei-ja-piirivalveamet","tag-populaarseimad-lood","tag-postiseadus","tag-postiteenus","tag-ppa","tag-riigiasutus","tag-tahitud-kiri","tag-top-stories","tag-topstories","tag-uldised-uudised","tag-universaalne-postiteenus","tag-uudised","tag-viimased-uudised"],"share_on_mastodon":{"url":"https:\/\/pubeurope.com\/@ee\/117082227009221630","error":""},"_links":{"self":[{"href":"https:\/\/www.europesays.com\/ee\/wp-json\/wp\/v2\/posts\/250248","targetHints":{"allow":["GET"]}}],"collection":[{"href":"https:\/\/www.europesays.com\/ee\/wp-json\/wp\/v2\/posts"}],"about":[{"href":"https:\/\/www.europesays.com\/ee\/wp-json\/wp\/v2\/types\/post"}],"author":[{"embeddable":true,"href":"https:\/\/www.europesays.com\/ee\/wp-json\/wp\/v2\/users\/2"}],"replies":[{"embeddable":true,"href":"https:\/\/www.europesays.com\/ee\/wp-json\/wp\/v2\/comments?post=250248"}],"version-history":[{"count":0,"href":"https:\/\/www.europesays.com\/ee\/wp-json\/wp\/v2\/posts\/250248\/revisions"}],"wp:featuredmedia":[{"embeddable":true,"href":"https:\/\/www.europesays.com\/ee\/wp-json\/wp\/v2\/media\/250249"}],"wp:attachment":[{"href":"https:\/\/www.europesays.com\/ee\/wp-json\/wp\/v2\/media?parent=250248"}],"wp:term":[{"taxonomy":"category","embeddable":true,"href":"https:\/\/www.europesays.com\/ee\/wp-json\/wp\/v2\/categories?post=250248"},{"taxonomy":"post_tag","embeddable":true,"href":"https:\/\/www.europesays.com\/ee\/wp-json\/wp\/v2\/tags?post=250248"}],"curies":[{"name":"wp","href":"https:\/\/api.w.org\/{rel}","templated":true}]}}