{"id":25026,"date":"2025-10-22T10:37:08","date_gmt":"2025-10-22T10:37:08","guid":{"rendered":"https:\/\/www.europesays.com\/ee\/25026\/"},"modified":"2025-10-22T10:37:08","modified_gmt":"2025-10-22T10:37:08","slug":"eesti-jalgpalliametnikud-tootavad-sel-nadalal-eurosarjades-mitmel-rindel-jalgpall","status":"publish","type":"post","link":"https:\/\/www.europesays.com\/ee\/25026\/","title":{"rendered":"Eesti jalgpalliametnikud t\u00f6\u00f6tavad sel n\u00e4dalal eurosarjades mitmel rindel | Jalgpall"},"content":{"rendered":"<p>Eesti jalgpalliametnikud tegutsevad sel n\u00e4dalal mitmetel Euroopa v\u00e4ljakutel nii delegaadina, korraldusjuhina kui ka kohtunike vaatlejana.<\/p>\n<p>Kolmap\u00e4eval v\u00f5\u00f5rustab Viini Austria UEFA noorteliiga raames Haifa Maccabit ning sel mat\u0161il tegutseb UEFA delegaadina Targo Kaldoja. Neljap\u00e4eval on UEFA Euroopa liigas vastamisi Bergeni Brann ja Glasgow Rangers ning seal on UEFA poolseks delegaadiks Sergei Hohlov-Simson. Juss Tamming on korraldusjuhiks (venue director) neljap\u00e4evasel Malm\u00f6 ning Zagrebi Dinamo vahelisel Euroopa liiga mat\u0161il.<\/p>\n<p>UEFA konverentsiliigas tegutsevad neljap\u00e4eval kohtunike vaatlejatena Uno Tutk ning Hannes Kaasik. Tutk j\u00e4lgib Rootsis toimuval H\u00e4ckeni ja Rayo Vallecano mat\u0161il bosnialastest kohtunike tegevust, Kaasik aga Rijeka ning Praha Sparta kohtumisel inglaste brigaadi t\u00f6\u00f6d.<\/p>\n<p>Delegaat on vastaval m\u00e4ngul UEFA k\u00f5rgeim esindaja, kelle \u00fclesandeks on tagada mat\u0161i sujuv l\u00e4biviimine vastavalt reeglitele ja koostada \u00fclevaade k\u00f5igist korralduslikest asjadest. Vajadusel lahendab delegaat probleeme ja teeb kriitilistes olukordades otsuseid.<\/p>\n","protected":false},"excerpt":{"rendered":"Eesti jalgpalliametnikud tegutsevad sel n\u00e4dalal mitmetel Euroopa v\u00e4ljakutel nii delegaadina, korraldusjuhina kui ka kohtunike vaatlejana. Kolmap\u00e4eval v\u00f5\u00f5rustab Viini&hellip;\n","protected":false},"author":2,"featured_media":25027,"comment_status":"","ping_status":"","sticky":false,"template":"","format":"standard","meta":{"footnotes":""},"categories":[18],"tags":[37,33,35,34,36,172,983,1513,2828,159,158,2826,2827,1442],"class_list":{"0":"post-25026","1":"post","2":"type-post","3":"status-publish","4":"format-standard","5":"has-post-thumbnail","7":"category-sport","8":"tag-ee","9":"tag-eesti","10":"tag-eesti-keel","11":"tag-estonia","12":"tag-estonian","13":"tag-jalgpall","14":"tag-kergejoustik","15":"tag-korvpall","16":"tag-ralli","17":"tag-sport","18":"tag-sports","19":"tag-talisport","20":"tag-tennis","21":"tag-vorkpall"},"share_on_mastodon":{"url":"","error":""},"_links":{"self":[{"href":"https:\/\/www.europesays.com\/ee\/wp-json\/wp\/v2\/posts\/25026","targetHints":{"allow":["GET"]}}],"collection":[{"href":"https:\/\/www.europesays.com\/ee\/wp-json\/wp\/v2\/posts"}],"about":[{"href":"https:\/\/www.europesays.com\/ee\/wp-json\/wp\/v2\/types\/post"}],"author":[{"embeddable":true,"href":"https:\/\/www.europesays.com\/ee\/wp-json\/wp\/v2\/users\/2"}],"replies":[{"embeddable":true,"href":"https:\/\/www.europesays.com\/ee\/wp-json\/wp\/v2\/comments?post=25026"}],"version-history":[{"count":0,"href":"https:\/\/www.europesays.com\/ee\/wp-json\/wp\/v2\/posts\/25026\/revisions"}],"wp:featuredmedia":[{"embeddable":true,"href":"https:\/\/www.europesays.com\/ee\/wp-json\/wp\/v2\/media\/25027"}],"wp:attachment":[{"href":"https:\/\/www.europesays.com\/ee\/wp-json\/wp\/v2\/media?parent=25026"}],"wp:term":[{"taxonomy":"category","embeddable":true,"href":"https:\/\/www.europesays.com\/ee\/wp-json\/wp\/v2\/categories?post=25026"},{"taxonomy":"post_tag","embeddable":true,"href":"https:\/\/www.europesays.com\/ee\/wp-json\/wp\/v2\/tags?post=25026"}],"curies":[{"name":"wp","href":"https:\/\/api.w.org\/{rel}","templated":true}]}}