{"id":250378,"date":"2026-08-12T14:07:13","date_gmt":"2026-08-12T14:07:13","guid":{"rendered":"https:\/\/www.europesays.com\/ee\/250378\/"},"modified":"2026-08-12T14:07:13","modified_gmt":"2026-08-12T14:07:13","slug":"ohtlik-on-moelda-et-vene-oht-laheb-ise-mooda-ukraina-veteran-raagib-sojast-ja-tulevikust","status":"publish","type":"post","link":"https:\/\/www.europesays.com\/ee\/250378\/","title":{"rendered":"\u00abOhtlik on m\u00f5elda, et Vene oht l\u00e4heb ise m\u00f6\u00f6da.\u00bb Ukraina veteran r\u00e4\u00e4gib s\u00f5jast ja tulevikust"},"content":{"rendered":"<p class=\"p1\">Ukraina relvaj\u00f5udude veteran Juri Hud\u00f5menko tunneb s\u00f5da nii poliitiku, kommunikatsioonieksperdi kui ka rindel raskelt haavata saanud sap\u00f6\u00f6ri vaatenurgast. Ta r\u00e4\u00e4gib rahuajal tekkivatest ohtlikest illusioonidest, alates usust, et droon v\u00f5ib asendada s\u00f5durit, kuni lootuseni, et riigikaitse saab \u00fcles ehitada \u00fcksnes vabatahtlikele v\u00f5i et Venemaa oht l\u00e4heb ise m\u00f6\u00f6da.<\/p>\n","protected":false},"excerpt":{"rendered":"Ukraina relvaj\u00f5udude veteran Juri Hud\u00f5menko tunneb s\u00f5da nii poliitiku, kommunikatsioonieksperdi kui ka rindel raskelt haavata saanud sap\u00f6\u00f6ri vaatenurgast.&hellip;\n","protected":false},"author":2,"featured_media":250379,"comment_status":"","ping_status":"","sticky":false,"template":"","format":"standard","meta":{"footnotes":"","_share_on_mastodon":"0"},"categories":[80],"tags":[26,27,6408,37,33,35,34,36,31,32,21,98517,28,29,95,6822,19,25,107,12271,23,24,262,22,20,30,92,93,94],"class_list":["post-250378","post","type-post","status-publish","format-standard","has-post-thumbnail","category-maailm","tag-breaking-news","tag-breakingnews","tag-droonisoda","tag-ee","tag-eesti","tag-eesti-keel","tag-estonia","tag-estonian","tag-featured-news","tag-featurednews","tag-headlines","tag-juri-hudomenko","tag-latest-news","tag-latestnews","tag-maailm","tag-mobilisatsioon","tag-news","tag-populaarseimad-lood","tag-soda-ukrainas","tag-sojatoostus","tag-top-stories","tag-topstories","tag-ukraina","tag-uldised-uudised","tag-uudised","tag-viimased-uudised","tag-world","tag-world-news","tag-worldnews"],"share_on_mastodon":{"url":"https:\/\/pubeurope.com\/@ee\/117082930997911810","error":""},"_links":{"self":[{"href":"https:\/\/www.europesays.com\/ee\/wp-json\/wp\/v2\/posts\/250378","targetHints":{"allow":["GET"]}}],"collection":[{"href":"https:\/\/www.europesays.com\/ee\/wp-json\/wp\/v2\/posts"}],"about":[{"href":"https:\/\/www.europesays.com\/ee\/wp-json\/wp\/v2\/types\/post"}],"author":[{"embeddable":true,"href":"https:\/\/www.europesays.com\/ee\/wp-json\/wp\/v2\/users\/2"}],"replies":[{"embeddable":true,"href":"https:\/\/www.europesays.com\/ee\/wp-json\/wp\/v2\/comments?post=250378"}],"version-history":[{"count":0,"href":"https:\/\/www.europesays.com\/ee\/wp-json\/wp\/v2\/posts\/250378\/revisions"}],"wp:featuredmedia":[{"embeddable":true,"href":"https:\/\/www.europesays.com\/ee\/wp-json\/wp\/v2\/media\/250379"}],"wp:attachment":[{"href":"https:\/\/www.europesays.com\/ee\/wp-json\/wp\/v2\/media?parent=250378"}],"wp:term":[{"taxonomy":"category","embeddable":true,"href":"https:\/\/www.europesays.com\/ee\/wp-json\/wp\/v2\/categories?post=250378"},{"taxonomy":"post_tag","embeddable":true,"href":"https:\/\/www.europesays.com\/ee\/wp-json\/wp\/v2\/tags?post=250378"}],"curies":[{"name":"wp","href":"https:\/\/api.w.org\/{rel}","templated":true}]}}