{"id":250428,"date":"2026-08-12T15:02:09","date_gmt":"2026-08-12T15:02:09","guid":{"rendered":"https:\/\/www.europesays.com\/ee\/250428\/"},"modified":"2026-08-12T15:02:09","modified_gmt":"2026-08-12T15:02:09","slug":"venemaa-majandus-poordus-taas-kasvule-kuid-ukraina-droonid-seavad-sellele-piiri","status":"publish","type":"post","link":"https:\/\/www.europesays.com\/ee\/250428\/","title":{"rendered":"Venemaa majandus p\u00f6\u00f6rdus taas kasvule, kuid Ukraina droonid seavad sellele piiri"},"content":{"rendered":"<p>Venemaa majandus n\u00e4ib statistika j\u00e4rgi taas kasvule p\u00f6\u00f6rduvat, kuid numbrite taga avaneb palju pingelisem pilt. S\u00f5jakulutused ja kiire palgat\u00f5us on seni hoidnud majandust vee peal, samal ajal kui Ukraina droonir\u00fcnnakud raputavad naftat\u00f6\u00f6tlemist ja k\u00fctuseturgu.<\/p>\n<p>Kas venib sellest v\u00e4lja vaid ajutine k\u00fctusekriis v\u00f5i laiem majandus\u0161okk? Keskpank hoiatab juba kasvu aeglustumise eest, samal ajal kui Kreml r\u00f5hutab vastupidavust. Pinge tegeliku seisu \u00fcmber j\u00e4rjest kasvab.<\/p>\n","protected":false},"excerpt":{"rendered":"Venemaa majandus n\u00e4ib statistika j\u00e4rgi taas kasvule p\u00f6\u00f6rduvat, kuid numbrite taga avaneb palju pingelisem pilt. S\u00f5jakulutused ja kiire&hellip;\n","protected":false},"author":2,"featured_media":250429,"comment_status":"","ping_status":"","sticky":false,"template":"","format":"standard","meta":{"footnotes":"","_share_on_mastodon":"0"},"categories":[80],"tags":[68,26,27,37,33,35,67,34,36,31,32,21,63,66,28,29,95,64,19,25,69,62,23,24,65,22,20,30,92,93,94],"class_list":["post-250428","post","type-post","status-publish","format-standard","has-post-thumbnail","category-maailm","tag-bors","tag-breaking-news","tag-breakingnews","tag-ee","tag-eesti","tag-eesti-keel","tag-elustiil","tag-estonia","tag-estonian","tag-featured-news","tag-featurednews","tag-headlines","tag-investor","tag-juhtimine","tag-latest-news","tag-latestnews","tag-maailm","tag-majandusuudised","tag-news","tag-populaarseimad-lood","tag-skp","tag-tarbija","tag-top-stories","tag-topstories","tag-turundus","tag-uldised-uudised","tag-uudised","tag-viimased-uudised","tag-world","tag-world-news","tag-worldnews"],"share_on_mastodon":{"url":"","error":""},"_links":{"self":[{"href":"https:\/\/www.europesays.com\/ee\/wp-json\/wp\/v2\/posts\/250428","targetHints":{"allow":["GET"]}}],"collection":[{"href":"https:\/\/www.europesays.com\/ee\/wp-json\/wp\/v2\/posts"}],"about":[{"href":"https:\/\/www.europesays.com\/ee\/wp-json\/wp\/v2\/types\/post"}],"author":[{"embeddable":true,"href":"https:\/\/www.europesays.com\/ee\/wp-json\/wp\/v2\/users\/2"}],"replies":[{"embeddable":true,"href":"https:\/\/www.europesays.com\/ee\/wp-json\/wp\/v2\/comments?post=250428"}],"version-history":[{"count":0,"href":"https:\/\/www.europesays.com\/ee\/wp-json\/wp\/v2\/posts\/250428\/revisions"}],"wp:featuredmedia":[{"embeddable":true,"href":"https:\/\/www.europesays.com\/ee\/wp-json\/wp\/v2\/media\/250429"}],"wp:attachment":[{"href":"https:\/\/www.europesays.com\/ee\/wp-json\/wp\/v2\/media?parent=250428"}],"wp:term":[{"taxonomy":"category","embeddable":true,"href":"https:\/\/www.europesays.com\/ee\/wp-json\/wp\/v2\/categories?post=250428"},{"taxonomy":"post_tag","embeddable":true,"href":"https:\/\/www.europesays.com\/ee\/wp-json\/wp\/v2\/tags?post=250428"}],"curies":[{"name":"wp","href":"https:\/\/api.w.org\/{rel}","templated":true}]}}