{"id":250518,"date":"2026-08-12T16:53:12","date_gmt":"2026-08-12T16:53:12","guid":{"rendered":"https:\/\/www.europesays.com\/ee\/250518\/"},"modified":"2026-08-12T16:53:12","modified_gmt":"2026-08-12T16:53:12","slug":"kulbergs-lati-unustas-droonitorjesusteeme-ostes-laskemoona-ara-valismaa","status":"publish","type":"post","link":"https:\/\/www.europesays.com\/ee\/250518\/","title":{"rendered":"Kulbergs: L\u00e4ti unustas droonit\u00f5rjes\u00fcsteeme ostes laskemoona \u00e4ra | V\u00e4lismaa"},"content":{"rendered":"<p>L\u00e4ti peaminister Andris Kulbergs \u00fctles, et ametiv\u00f5imud soetasid varem droonit\u00f5rjes\u00fcsteeme, kuid j\u00e4tsid vajaliku laskemoona hankimata. Endine kaitseminister l\u00fckkas v\u00e4ite tagasi.<\/p>\n<p>&#8220;Varustus osteti, kuid laskemoon unustati,&#8221; \u00fctles Kulbergs sel n\u00e4dalal avaldatud uudisteagentuuri LETA saatele antud intervjuus.<\/p>\n<p>Kulbergs mainis vahejuhtumit arutelus, mis puudutas droonide tungimisi \u00fcle riigipiiri ja L\u00e4ti endise kaitseministri Andris Spr\u016bdsi t\u00f6\u00f6d.<\/p>\n<p>Peaminister ei t\u00e4psustanud, millistest s\u00fcsteemidest ta r\u00e4\u00e4kis. Samuti keeldus ta kinnitamast, kas ta pidas silmas just Spr\u016bdsi ametiajal hangitud varustust.<\/p>\n<p>Spr\u016bds \u00fctles L\u00e4ti Delfile antud intervjuus, et \u00f5hut\u00f5rjes\u00fcsteemid osteti ning laskemoona &#8220;ei unustatud&#8221;.\u00a0\u00a0<\/p>\n<p>Ta selgitas, et tegemist oli L\u00e4ti ettev\u00f5tte Origin Robotics p\u00fc\u00fcduridroonidega, mida hakati katsetama ja ostma 2025. aasta l\u00f5pus. Spr\u016bdsi s\u00f5nul peavad droonid olema L\u00e4ti \u00f5hut\u00f5rjes\u00fcsteemiga t\u00e4ielikuks l\u00f5imimiseks varustatud l\u00f5hkeainega.<\/p>\n<p>Ta lisas, et selleks valiti kaks l\u00e4henemisviisi: L\u00e4ti riiklike relvaj\u00f5udude osalusel uuriti olemasolevate l\u00f5hkeainete kasutamise v\u00f5imalust ning samal ajal otsiti lahendusi rahvusvahelisteks hangeteks vastavalt NATO standarditele.\u00a0<\/p>\n<p>Endine minister m\u00e4rkis, et j\u00f5uti kokkuleppele Poola ettev\u00f5ttega, mis v\u00f5imaldab varustada p\u00fc\u00fcdurdroonid spetsiaalselt neile kohandatud l\u00f5hkeaine ja laskemoonaga, et need saaks piiril kasutusele v\u00f5tta.<\/p>\n<p>&#8220;Seega oli probleem algusest peale teada. Midagi siin ei &#8220;unustatud&#8221; ning asja lahendamisega juba tegeleti,&#8221; \u00fctles Spr\u016bds.<\/p>\n<p>Erakonda Progressiivid kuuluv Spr\u016bds astus 10. mail tagasi p\u00e4rast seda, kui tollane peaminister Evika Sili\u0146a teatas, et kaitseminister ei suutnud t\u00e4ita lubadust tagada turvaline \u00f5huruum L\u00e4ti kohal, kuna kaks Ukraina drooni sattusid riigi \u00f5huruumi.<\/p>\n<p>Venemaa territooriumi r\u00fcndavad Ukraina droonid on varemgi Balti riikidesse lennanud, kuna Moskva muudab elektroonilise segamisega nende trajektoori ja suunab need naabruses asuvatesse NATO riikidesse. Esimene suurem vahejuhtum registreeriti m\u00e4rtsis Soomes.<\/p>\n<p>Kaitseministri tagasiastumine t\u00f5i kaasa Progressiivide lahkumise valitsusest ja Sili\u0146a valitsuskabineti lagunemise. Spr\u016bdsi erakond on 3. oktoobril toimuvate L\u00e4ti parlamendivalimiste eel praegu peamine opositsioonij\u00f5ud.<\/p>\n","protected":false},"excerpt":{"rendered":"L\u00e4ti peaminister Andris Kulbergs \u00fctles, et ametiv\u00f5imud soetasid varem droonit\u00f5rjes\u00fcsteeme, kuid j\u00e4tsid vajaliku laskemoona hankimata. Endine kaitseminister l\u00fckkas&hellip;\n","protected":false},"author":2,"featured_media":250519,"comment_status":"","ping_status":"","sticky":false,"template":"","format":"standard","meta":{"footnotes":"","_share_on_mastodon":"0"},"categories":[80],"tags":[44107,26,27,404,2413,37,33,35,34,36,31,32,21,4517,28,29,114,95,19,25,23,24,22,20,96,30,92,93,94],"class_list":["post-250518","post","type-post","status-publish","format-standard","has-post-thumbnail","category-maailm","tag-andris-kulbergs","tag-breaking-news","tag-breakingnews","tag-droon","tag-droonitorje","tag-ee","tag-eesti","tag-eesti-keel","tag-estonia","tag-estonian","tag-featured-news","tag-featurednews","tag-headlines","tag-laskemoon","tag-latest-news","tag-latestnews","tag-lati","tag-maailm","tag-news","tag-populaarseimad-lood","tag-top-stories","tag-topstories","tag-uldised-uudised","tag-uudised","tag-venemaa","tag-viimased-uudised","tag-world","tag-world-news","tag-worldnews"],"share_on_mastodon":{"url":"https:\/\/pubeurope.com\/@ee\/117083583751966143","error":""},"_links":{"self":[{"href":"https:\/\/www.europesays.com\/ee\/wp-json\/wp\/v2\/posts\/250518","targetHints":{"allow":["GET"]}}],"collection":[{"href":"https:\/\/www.europesays.com\/ee\/wp-json\/wp\/v2\/posts"}],"about":[{"href":"https:\/\/www.europesays.com\/ee\/wp-json\/wp\/v2\/types\/post"}],"author":[{"embeddable":true,"href":"https:\/\/www.europesays.com\/ee\/wp-json\/wp\/v2\/users\/2"}],"replies":[{"embeddable":true,"href":"https:\/\/www.europesays.com\/ee\/wp-json\/wp\/v2\/comments?post=250518"}],"version-history":[{"count":0,"href":"https:\/\/www.europesays.com\/ee\/wp-json\/wp\/v2\/posts\/250518\/revisions"}],"wp:featuredmedia":[{"embeddable":true,"href":"https:\/\/www.europesays.com\/ee\/wp-json\/wp\/v2\/media\/250519"}],"wp:attachment":[{"href":"https:\/\/www.europesays.com\/ee\/wp-json\/wp\/v2\/media?parent=250518"}],"wp:term":[{"taxonomy":"category","embeddable":true,"href":"https:\/\/www.europesays.com\/ee\/wp-json\/wp\/v2\/categories?post=250518"},{"taxonomy":"post_tag","embeddable":true,"href":"https:\/\/www.europesays.com\/ee\/wp-json\/wp\/v2\/tags?post=250518"}],"curies":[{"name":"wp","href":"https:\/\/api.w.org\/{rel}","templated":true}]}}