{"id":250526,"date":"2026-08-12T17:04:36","date_gmt":"2026-08-12T17:04:36","guid":{"rendered":"https:\/\/www.europesays.com\/ee\/250526\/"},"modified":"2026-08-12T17:04:36","modified_gmt":"2026-08-12T17:04:36","slug":"eesti-majanduskasv-takerdub-naabrid-meelitavad-suuri-investeeringuid","status":"publish","type":"post","link":"https:\/\/www.europesays.com\/ee\/250526\/","title":{"rendered":"Eesti majanduskasv takerdub, naabrid meelitavad suuri investeeringuid"},"content":{"rendered":"<p class=\"text-muted-foreground text-[15px] leading-relaxed\">Eesti t\u00f6\u00f6stuse arengut pidurdavad sisemised poliitilised puuduj\u00e4\u00e4gid ja v\u00e4lised tegurid, samal ajal kui L\u00e4ti, Soome ja Poola meelitavad ligi miljardeid eurosid strateegilisi v\u00e4lisinvesteeringuid, mis \u00e4hvardab riigi konkurentsiv\u00f5imet v\u00e4hendada.<\/p>\n<p><a class=\"border-border\/60 hover:border-foreground\/30 focus-visible:ring-foreground\/30 mt-3 flex items-center justify-between gap-3 border px-3 py-2 font-mono text-[10px] font-medium uppercase tracking-wide transition-colors duration-150 focus-visible:outline-none focus-visible:ring-2\" data-sentry-element=\"Link\" data-sentry-component=\"StoryCirculationTeaser\" data-sentry-source-file=\"StoryCirculation.tsx\" href=\"https:\/\/shortl.ee\/et\/estonia\" rel=\"nofollow noopener\" target=\"_blank\">T\u00c4NA \u00b7 11 LUGUVaata \u00fcle<\/a><\/p>\n<ul class=\"space-y-3 text-[15px] leading-relaxed\">\n<li class=\"flex gap-3\">\u2014Eesti majanduskasv ei toimu automaatselt, n\u00f5udes samaaegselt investeerimiskeskkonna, kvalifitseeritud t\u00f6\u00f6j\u00f5u pakkumise, energia k\u00e4ttesaadavuse ja ettev\u00f5tete efektiivsuse parandamist.<\/li>\n<li class=\"flex gap-3\">\u2014V\u00e4lised tegurid nagu Eesti piiriasukoht, s\u00f5da Ukrainas ja keerulised turutingimused naaberriikides aitavad osaliselt kaasa majanduse seiskumisele.<\/li>\n<li class=\"flex gap-3\">\u2014T\u00f6\u00f6stuse arengu edendamiseks peab Eesti ligi meelitama uusi investeeringuid, reformima kutse- ja rakendusk\u00f5rgharidust, paremini integreeruma naaberturgude ja t\u00f6\u00f6stusklastritega ning parandama \u00e4rikeskkonna tingimusi.<\/li>\n<li class=\"flex gap-3\">\u2014Madalate marginaalidega toiduainet\u00f6\u00f6stus seisab silmitsi tiheda konkurentsiga ja vajab optimeerimist ning investeeringuid tootmise efektiivsusesse, et j\u00e4\u00e4da konkurentsiv\u00f5imeliseks.<\/li>\n<li class=\"flex gap-3\">\u2014Naaberriigid meelitavad ligi m\u00e4rkimisv\u00e4\u00e4rseid v\u00e4lisinvesteeringuid sellistesse sektoritesse nagu kaitse, andmekeskused ja tuumaenergia, samal ajal kui Eesti suutlikkus suuri investeeringuid ligi meelitada on v\u00e4henenud, mis on viinud saadaolevate toetusfondide v\u00e4henemiseni.<\/li>\n<\/ul>\n","protected":false},"excerpt":{"rendered":"Eesti t\u00f6\u00f6stuse arengut pidurdavad sisemised poliitilised puuduj\u00e4\u00e4gid ja v\u00e4lised tegurid, samal ajal kui L\u00e4ti, Soome ja Poola meelitavad&hellip;\n","protected":false},"author":2,"featured_media":250527,"comment_status":"","ping_status":"","sticky":false,"template":"","format":"standard","meta":{"footnotes":"","_share_on_mastodon":"0"},"categories":[80],"tags":[26,27,4559,37,33,35,4527,34,36,31,32,406,21,7165,1284,28,29,95,672,2198,98550,19,999,25,392,23,24,22,20,84346,30,92,93,94],"class_list":["post-250526","post","type-post","status-publish","format-standard","has-post-thumbnail","category-maailm","tag-breaking-news","tag-breakingnews","tag-burokraatia","tag-ee","tag-eesti","tag-eesti-keel","tag-energia","tag-estonia","tag-estonian","tag-featured-news","tag-featurednews","tag-haridus","tag-headlines","tag-investeeringud","tag-konkurentsivoime","tag-latest-news","tag-latestnews","tag-maailm","tag-majandus","tag-majanduskasv","tag-maksundus","tag-news","tag-poliitika","tag-populaarseimad-lood","tag-toostus","tag-top-stories","tag-topstories","tag-uldised-uudised","tag-uudised","tag-valisinvesteeringud","tag-viimased-uudised","tag-world","tag-world-news","tag-worldnews"],"share_on_mastodon":{"url":"https:\/\/pubeurope.com\/@ee\/117083627038613604","error":""},"_links":{"self":[{"href":"https:\/\/www.europesays.com\/ee\/wp-json\/wp\/v2\/posts\/250526","targetHints":{"allow":["GET"]}}],"collection":[{"href":"https:\/\/www.europesays.com\/ee\/wp-json\/wp\/v2\/posts"}],"about":[{"href":"https:\/\/www.europesays.com\/ee\/wp-json\/wp\/v2\/types\/post"}],"author":[{"embeddable":true,"href":"https:\/\/www.europesays.com\/ee\/wp-json\/wp\/v2\/users\/2"}],"replies":[{"embeddable":true,"href":"https:\/\/www.europesays.com\/ee\/wp-json\/wp\/v2\/comments?post=250526"}],"version-history":[{"count":0,"href":"https:\/\/www.europesays.com\/ee\/wp-json\/wp\/v2\/posts\/250526\/revisions"}],"wp:featuredmedia":[{"embeddable":true,"href":"https:\/\/www.europesays.com\/ee\/wp-json\/wp\/v2\/media\/250527"}],"wp:attachment":[{"href":"https:\/\/www.europesays.com\/ee\/wp-json\/wp\/v2\/media?parent=250526"}],"wp:term":[{"taxonomy":"category","embeddable":true,"href":"https:\/\/www.europesays.com\/ee\/wp-json\/wp\/v2\/categories?post=250526"},{"taxonomy":"post_tag","embeddable":true,"href":"https:\/\/www.europesays.com\/ee\/wp-json\/wp\/v2\/tags?post=250526"}],"curies":[{"name":"wp","href":"https:\/\/api.w.org\/{rel}","templated":true}]}}