{"id":250536,"date":"2026-08-12T17:17:15","date_gmt":"2026-08-12T17:17:15","guid":{"rendered":"https:\/\/www.europesays.com\/ee\/250536\/"},"modified":"2026-08-12T17:17:15","modified_gmt":"2026-08-12T17:17:15","slug":"kohtus-moisteti-suudi-julmur-kes-saripeksis-kahte-naist-kellest-uht-uritas-ta-ka-vagistada","status":"publish","type":"post","link":"https:\/\/www.europesays.com\/ee\/250536\/","title":{"rendered":"Kohtus m\u00f5isteti s\u00fc\u00fcdi julmur, kes saripeksis kahte naist, kellest \u00fcht \u00fcritas ta ka v\u00e4gistada"},"content":{"rendered":"<p><img decoding=\"async\" src=\"https:\/\/www.europesays.com\/ee\/wp-content\/uploads\/2026\/08\/abd5e5b8-3a3a-44fe-abda-812285101edc.jpg\" loading=\"lazy\" alt=\"Reimo S\u00e4liku ohvrid olid naised, kellega ta oli romantilises suhtes. Prokur\u00f6ri jutust j\u00e4i k\u00f5lama, et S\u00e4liku s\u00fctikuks oli alkoholi tarvitamine.\"\/><\/p>\n<p>Reimo S\u00e4liku ohvrid olid naised, kellega ta oli romantilises suhtes. Prokur\u00f6ri jutust j\u00e4i k\u00f5lama, et S\u00e4liku s\u00fctikuks oli alkoholi tarvitamine.<\/p>\n<p>FOTO: Tiit Blaat| Delfi Meedia<\/p>\n<p>Reimo S\u00e4likule (36) m\u00f5isteti kokkuleppemenetluse korras karistuseks neli ja pool aastat vangistust, millest tuleb koheselt \u00e4ra kanda viis kuud, \u00fclej\u00e4\u00e4nu on tingimisi. Kuna ta peeti kinni 19. m\u00e4rtsil, k\u00f5nnib ta tuleval n\u00e4dalal vanglast v\u00e4lja vaba mehena.<\/p>\n","protected":false},"excerpt":{"rendered":"Reimo S\u00e4liku ohvrid olid naised, kellega ta oli romantilises suhtes. Prokur\u00f6ri jutust j\u00e4i k\u00f5lama, et S\u00e4liku s\u00fctikuks oli&hellip;\n","protected":false},"author":2,"featured_media":250537,"comment_status":"","ping_status":"","sticky":false,"template":"","format":"standard","meta":{"footnotes":"","_share_on_mastodon":"0"},"categories":[5],"tags":[26,27,37,33,35,34,36,31,32,21,19109,69961,9011,28,29,19,25,35682,23,24,22,20,30],"class_list":["post-250536","post","type-post","status-publish","format-standard","has-post-thumbnail","category-uldised-uudised","tag-breaking-news","tag-breakingnews","tag-ee","tag-eesti","tag-eesti-keel","tag-estonia","tag-estonian","tag-featured-news","tag-featurednews","tag-headlines","tag-kehaline-vaarkohtlemine","tag-lahenemiskeeld","tag-lahisuhtevagivald","tag-latest-news","tag-latestnews","tag-news","tag-populaarseimad-lood","tag-tingimisi-vangistus","tag-top-stories","tag-topstories","tag-uldised-uudised","tag-uudised","tag-viimased-uudised"],"share_on_mastodon":{"url":"https:\/\/pubeurope.com\/@ee\/117083678350571833","error":""},"_links":{"self":[{"href":"https:\/\/www.europesays.com\/ee\/wp-json\/wp\/v2\/posts\/250536","targetHints":{"allow":["GET"]}}],"collection":[{"href":"https:\/\/www.europesays.com\/ee\/wp-json\/wp\/v2\/posts"}],"about":[{"href":"https:\/\/www.europesays.com\/ee\/wp-json\/wp\/v2\/types\/post"}],"author":[{"embeddable":true,"href":"https:\/\/www.europesays.com\/ee\/wp-json\/wp\/v2\/users\/2"}],"replies":[{"embeddable":true,"href":"https:\/\/www.europesays.com\/ee\/wp-json\/wp\/v2\/comments?post=250536"}],"version-history":[{"count":0,"href":"https:\/\/www.europesays.com\/ee\/wp-json\/wp\/v2\/posts\/250536\/revisions"}],"wp:featuredmedia":[{"embeddable":true,"href":"https:\/\/www.europesays.com\/ee\/wp-json\/wp\/v2\/media\/250537"}],"wp:attachment":[{"href":"https:\/\/www.europesays.com\/ee\/wp-json\/wp\/v2\/media?parent=250536"}],"wp:term":[{"taxonomy":"category","embeddable":true,"href":"https:\/\/www.europesays.com\/ee\/wp-json\/wp\/v2\/categories?post=250536"},{"taxonomy":"post_tag","embeddable":true,"href":"https:\/\/www.europesays.com\/ee\/wp-json\/wp\/v2\/tags?post=250536"}],"curies":[{"name":"wp","href":"https:\/\/api.w.org\/{rel}","templated":true}]}}