{"id":250540,"date":"2026-08-12T17:27:08","date_gmt":"2026-08-12T17:27:08","guid":{"rendered":"https:\/\/www.europesays.com\/ee\/250540\/"},"modified":"2026-08-12T17:27:08","modified_gmt":"2026-08-12T17:27:08","slug":"kuula-jarele-%e2%9f%a9-tartu-sumina-teemaohtu-milliseid-kummituslugusid-peidab-linna-ajalugu","status":"publish","type":"post","link":"https:\/\/www.europesays.com\/ee\/250540\/","title":{"rendered":"KUULA J\u00c4RELE \u27e9 Tartu Sumina teema\u00f5htu: milliseid kummituslugusid peidab linna ajalugu?"},"content":{"rendered":"<p>Tartu Sumina festivali ajal toimuvad selle s\u00fcdames vanalinna ja linlasi puudutavad vestlus\u00f5htud, mida saab tagantj\u00e4rele kuulata ka taskuh\u00e4\u00e4lingu osana. Esimesel \u00f5htul r\u00e4\u00e4giti Tartu vaimudest ja m\u00fc\u00fctidest.<\/p>\n<p>Tartu Sumina festivali esimesel vestlus\u00f5htul sukelduti s\u00fcgavale Tartu m\u00fc\u00fctidesse, legendidesse ja tondilugudesse. Juttu tuli n\u00e4iteks Toomem\u00e4e Valgest Daamist ja Emaj\u00f5e n\u00e4kkidest.<\/p>\n","protected":false},"excerpt":{"rendered":"Tartu Sumina festivali ajal toimuvad selle s\u00fcdames vanalinna ja linlasi puudutavad vestlus\u00f5htud, mida saab tagantj\u00e4rele kuulata ka taskuh\u00e4\u00e4lingu&hellip;\n","protected":false},"author":2,"featured_media":250541,"comment_status":"","ping_status":"","sticky":false,"template":"","format":"standard","meta":{"footnotes":"","_share_on_mastodon":"0"},"categories":[12],"tags":[26,27,37,33,35,98553,34,36,31,32,21,98554,28,29,98555,19,25,7285,98551,89716,13625,98552,23,24,22,20,30],"class_list":["post-250540","post","type-post","status-publish","format-standard","has-post-thumbnail","category-eesti","tag-breaking-news","tag-breakingnews","tag-ee","tag-eesti","tag-eesti-keel","tag-emajoe-nakk","tag-estonia","tag-estonian","tag-featured-news","tag-featurednews","tag-headlines","tag-kummituslood","tag-latest-news","tag-latestnews","tag-linnafolkloor","tag-news","tag-populaarseimad-lood","tag-tartu-linnamuuseum","tag-tartu-sumin","tag-tartu-vanalinn","tag-taskuhaaling","tag-toomemae-valge-daam","tag-top-stories","tag-topstories","tag-uldised-uudised","tag-uudised","tag-viimased-uudised"],"share_on_mastodon":{"url":"https:\/\/pubeurope.com\/@ee\/117083717401526586","error":""},"_links":{"self":[{"href":"https:\/\/www.europesays.com\/ee\/wp-json\/wp\/v2\/posts\/250540","targetHints":{"allow":["GET"]}}],"collection":[{"href":"https:\/\/www.europesays.com\/ee\/wp-json\/wp\/v2\/posts"}],"about":[{"href":"https:\/\/www.europesays.com\/ee\/wp-json\/wp\/v2\/types\/post"}],"author":[{"embeddable":true,"href":"https:\/\/www.europesays.com\/ee\/wp-json\/wp\/v2\/users\/2"}],"replies":[{"embeddable":true,"href":"https:\/\/www.europesays.com\/ee\/wp-json\/wp\/v2\/comments?post=250540"}],"version-history":[{"count":0,"href":"https:\/\/www.europesays.com\/ee\/wp-json\/wp\/v2\/posts\/250540\/revisions"}],"wp:featuredmedia":[{"embeddable":true,"href":"https:\/\/www.europesays.com\/ee\/wp-json\/wp\/v2\/media\/250541"}],"wp:attachment":[{"href":"https:\/\/www.europesays.com\/ee\/wp-json\/wp\/v2\/media?parent=250540"}],"wp:term":[{"taxonomy":"category","embeddable":true,"href":"https:\/\/www.europesays.com\/ee\/wp-json\/wp\/v2\/categories?post=250540"},{"taxonomy":"post_tag","embeddable":true,"href":"https:\/\/www.europesays.com\/ee\/wp-json\/wp\/v2\/tags?post=250540"}],"curies":[{"name":"wp","href":"https:\/\/api.w.org\/{rel}","templated":true}]}}