{"id":250610,"date":"2026-08-12T19:27:11","date_gmt":"2026-08-12T19:27:11","guid":{"rendered":"https:\/\/www.europesays.com\/ee\/250610\/"},"modified":"2026-08-12T19:27:11","modified_gmt":"2026-08-12T19:27:11","slug":"kulbergs-paljastas-apsaka-lati-droonitorjesusteemide-hankel-riik-unustas-neile-laskemoona-osta","status":"publish","type":"post","link":"https:\/\/www.europesays.com\/ee\/250610\/","title":{"rendered":"Kulbergs paljastas apsaka L\u00e4ti droonit\u00f5rjes\u00fcsteemide hankel: riik unustas neile laskemoona osta"},"content":{"rendered":"<p>\u201eSeadmed ostsime, laskemoona unustasime osta,\u201c \u00fctles Kulbergs. Intsident tuli ilmsiks, kui ta r\u00e4\u00e4kis droonijuhtumitest ja endise kaitseministri Andris Spr\u016bdsi t\u00f6\u00f6st.<\/p>\n<p>Kulbergs keeldus jagamast t\u00e4psustusi juhtunu kohta. Ta ei n\u00f5ustunud kommenteerima, kes laskemoona ostmata j\u00e4tmise eest vastutab, ja v\u00e4ltis vastamist k\u00fcsimusele, kas see on seotud Spr\u016bdsi tehtud otsustega.<\/p>\n<p>Peaminister andis m\u00f5ista, et k\u00f5iki \u00fcksikasju drooniintsidentide ja kaitsev\u00f5ime kohta ei saa praegu avalikustada, kuna k\u00fcsimus on alles menetluses. Samas m\u00e4rkis ta, et kuigi L\u00e4ti nimetab ennast droonide valdkonna suurriigiks, puudub sellel reaalne alus.<\/p>\n<p>Kulbergsi s\u00f5nul loob L\u00e4ti hetkel \u00fchtset s\u00fcsteemi piirivalve ja kaitseministeeriumi tegevuse koosk\u00f5lastamiseks. S\u00fcsteemi loomisel v\u00f5etakse eeskujuks Ukraina kogemused \u00f5huruumi j\u00e4lgimisel ja drooniohtude t\u00f5rjumisel rakettidest odavamate vahenditega.<\/p>\n<p>Erakonda Progressiivid kuuluv Spr\u016bds astus kaitseministri ametist tagasi maikuus p\u00e4rast kahe Ukraina drooni eksimist riigi \u00f5huruumi. Toonane peaminister Evika Sili\u0146a \u00fctles, et Spr\u016bds ei suutnud t\u00e4ita oma lubadust tagada turvalisus L\u00e4ti \u00f5huruumis. Spr\u016bdsi tagasiastumine vallandas Progressiivide lahkumise valitsusest ja Sili\u0146a kabineti kokkuvarisemise.<\/p>\n<p>Kuidas see lugu Sind end tundma pani?Saada<a href=\"https:\/\/www.delfi.ee\/artikkel\/120603406\/kulbergs-paljastas-apsaka-lati-droonitorjesusteemide-hankel-riik-unustas-neile-laskemoona-osta\/kommentaarid\" class=\"button button--primary button--size-auto article-body-bottom__comment article-body-bottom__comment--write\" style=\"\" rel=\"nofollow noopener\" target=\"_blank\">Kommenteeri<\/a><a href=\"https:\/\/www.delfi.ee\/artikkel\/120603406\/kulbergs-paljastas-apsaka-lati-droonitorjesusteemide-hankel-riik-unustas-neile-laskemoona-osta\/kommentaarid\" class=\"button button--size-auto article-body-bottom__comment article-body-bottom__comment--read\" style=\"\" rel=\"nofollow noopener\" target=\"_blank\">Loe kommentaare (1)<\/a><\/p>\n","protected":false},"excerpt":{"rendered":"\u201eSeadmed ostsime, laskemoona unustasime osta,\u201c \u00fctles Kulbergs. Intsident tuli ilmsiks, kui ta r\u00e4\u00e4kis droonijuhtumitest ja endise kaitseministri Andris&hellip;\n","protected":false},"author":2,"featured_media":250611,"comment_status":"","ping_status":"","sticky":false,"template":"","format":"standard","meta":{"footnotes":"","_share_on_mastodon":"0"},"categories":[80],"tags":[44107,26,27,2413,37,33,35,34,36,31,32,21,4517,28,29,114,95,19,25,23,24,22,20,30,92,93,94],"class_list":["post-250610","post","type-post","status-publish","format-standard","has-post-thumbnail","category-maailm","tag-andris-kulbergs","tag-breaking-news","tag-breakingnews","tag-droonitorje","tag-ee","tag-eesti","tag-eesti-keel","tag-estonia","tag-estonian","tag-featured-news","tag-featurednews","tag-headlines","tag-laskemoon","tag-latest-news","tag-latestnews","tag-lati","tag-maailm","tag-news","tag-populaarseimad-lood","tag-top-stories","tag-topstories","tag-uldised-uudised","tag-uudised","tag-viimased-uudised","tag-world","tag-world-news","tag-worldnews"],"share_on_mastodon":{"url":"https:\/\/pubeurope.com\/@ee\/117084189130493229","error":""},"_links":{"self":[{"href":"https:\/\/www.europesays.com\/ee\/wp-json\/wp\/v2\/posts\/250610","targetHints":{"allow":["GET"]}}],"collection":[{"href":"https:\/\/www.europesays.com\/ee\/wp-json\/wp\/v2\/posts"}],"about":[{"href":"https:\/\/www.europesays.com\/ee\/wp-json\/wp\/v2\/types\/post"}],"author":[{"embeddable":true,"href":"https:\/\/www.europesays.com\/ee\/wp-json\/wp\/v2\/users\/2"}],"replies":[{"embeddable":true,"href":"https:\/\/www.europesays.com\/ee\/wp-json\/wp\/v2\/comments?post=250610"}],"version-history":[{"count":0,"href":"https:\/\/www.europesays.com\/ee\/wp-json\/wp\/v2\/posts\/250610\/revisions"}],"wp:featuredmedia":[{"embeddable":true,"href":"https:\/\/www.europesays.com\/ee\/wp-json\/wp\/v2\/media\/250611"}],"wp:attachment":[{"href":"https:\/\/www.europesays.com\/ee\/wp-json\/wp\/v2\/media?parent=250610"}],"wp:term":[{"taxonomy":"category","embeddable":true,"href":"https:\/\/www.europesays.com\/ee\/wp-json\/wp\/v2\/categories?post=250610"},{"taxonomy":"post_tag","embeddable":true,"href":"https:\/\/www.europesays.com\/ee\/wp-json\/wp\/v2\/tags?post=250610"}],"curies":[{"name":"wp","href":"https:\/\/api.w.org\/{rel}","templated":true}]}}