{"id":250614,"date":"2026-08-12T19:47:08","date_gmt":"2026-08-12T19:47:08","guid":{"rendered":"https:\/\/www.europesays.com\/ee\/250614\/"},"modified":"2026-08-12T19:47:08","modified_gmt":"2026-08-12T19:47:08","slug":"intervjuu-stefan-vaaks-koondisest-eemale-jaamisest-moosisin-ulikooli-aga-tuli-kangekaelne-ei","status":"publish","type":"post","link":"https:\/\/www.europesays.com\/ee\/250614\/","title":{"rendered":"INTERVJUU | Stefan Vaaks koondisest eemale j\u00e4\u00e4misest: moosisin \u00fclikooli, aga tuli kangekaelne \u201eei\u201c"},"content":{"rendered":"<p>Vaaks liitus tugeva Illinois Fighting Illini kolled\u017eisatsiga, mis mullu j\u00f5udis NCAA-s lausa nelja parema sekka. Aga kui kahemeetrine tagam\u00e4ngija sai suve esimeses pooles rahvusmeeskonda aidata ning ta viskas kahes valikmat\u0161is keskmiselt 19,5 punkti, siis j\u00e4rgmised Eesti koondise kohtumised j\u00e4\u00e4vad korvpalluril vahele, sest \u00fclikool ootab teda augustis enda juurde. <\/p>\n<p>Kahemeetrine tagam\u00e4ngija r\u00e4\u00e4kis Delfile sel suvel USA-st tehtust, uue hooaja ootustest, NBA mock draft\u2019ides olemisest ning koondisest eemale j\u00e4\u00e4misest.<\/p>\n<p>Kui valus see oli, et \u00fclikool sind seekord koondisesse ei lubanud?<\/p>\n<p><a href=\"https:\/\/sport.delfi.ee\/artikkel\/120603395\/intervjuu-stefan-vaaks-koondisest-eemale-jaamisest-moosisin-ulikooli-aga-tuli-kangekaelne-ei\/kommentaarid\" class=\"button button--primary button--size-auto article-body-bottom__comment article-body-bottom__comment--write\" style=\"\" rel=\"nofollow noopener\" target=\"_blank\">Kommenteeri<\/a><a href=\"https:\/\/sport.delfi.ee\/artikkel\/120603395\/intervjuu-stefan-vaaks-koondisest-eemale-jaamisest-moosisin-ulikooli-aga-tuli-kangekaelne-ei\/kommentaarid\" class=\"button button--size-auto article-body-bottom__comment article-body-bottom__comment--read\" style=\"\" rel=\"nofollow noopener\" target=\"_blank\">Loe kommentaare <\/a><\/p>\n","protected":false},"excerpt":{"rendered":"Vaaks liitus tugeva Illinois Fighting Illini kolled\u017eisatsiga, mis mullu j\u00f5udis NCAA-s lausa nelja parema sekka. Aga kui kahemeetrine&hellip;\n","protected":false},"author":2,"featured_media":250615,"comment_status":"","ping_status":"","sticky":false,"template":"","format":"standard","meta":{"footnotes":"","_share_on_mastodon":"0"},"categories":[18],"tags":[37,33,35,34,36,159,158,13206],"class_list":["post-250614","post","type-post","status-publish","format-standard","has-post-thumbnail","category-sport","tag-ee","tag-eesti","tag-eesti-keel","tag-estonia","tag-estonian","tag-sport","tag-sports","tag-stefan-vaaks"],"share_on_mastodon":{"url":"https:\/\/pubeurope.com\/@ee\/117084267822029008","error":""},"_links":{"self":[{"href":"https:\/\/www.europesays.com\/ee\/wp-json\/wp\/v2\/posts\/250614","targetHints":{"allow":["GET"]}}],"collection":[{"href":"https:\/\/www.europesays.com\/ee\/wp-json\/wp\/v2\/posts"}],"about":[{"href":"https:\/\/www.europesays.com\/ee\/wp-json\/wp\/v2\/types\/post"}],"author":[{"embeddable":true,"href":"https:\/\/www.europesays.com\/ee\/wp-json\/wp\/v2\/users\/2"}],"replies":[{"embeddable":true,"href":"https:\/\/www.europesays.com\/ee\/wp-json\/wp\/v2\/comments?post=250614"}],"version-history":[{"count":0,"href":"https:\/\/www.europesays.com\/ee\/wp-json\/wp\/v2\/posts\/250614\/revisions"}],"wp:featuredmedia":[{"embeddable":true,"href":"https:\/\/www.europesays.com\/ee\/wp-json\/wp\/v2\/media\/250615"}],"wp:attachment":[{"href":"https:\/\/www.europesays.com\/ee\/wp-json\/wp\/v2\/media?parent=250614"}],"wp:term":[{"taxonomy":"category","embeddable":true,"href":"https:\/\/www.europesays.com\/ee\/wp-json\/wp\/v2\/categories?post=250614"},{"taxonomy":"post_tag","embeddable":true,"href":"https:\/\/www.europesays.com\/ee\/wp-json\/wp\/v2\/tags?post=250614"}],"curies":[{"name":"wp","href":"https:\/\/api.w.org\/{rel}","templated":true}]}}