{"id":250654,"date":"2026-08-12T21:17:29","date_gmt":"2026-08-12T21:17:29","guid":{"rendered":"https:\/\/www.europesays.com\/ee\/250654\/"},"modified":"2026-08-12T21:17:29","modified_gmt":"2026-08-12T21:17:29","slug":"maakond-sai-juurde-tosin-uut-ilmakodanikku-jarva-teataja","status":"publish","type":"post","link":"https:\/\/www.europesays.com\/ee\/250654\/","title":{"rendered":"Maakond sai juurde tosin uut ilmakodanikku &#8211; J\u00e4rva Teataja"},"content":{"rendered":"<ol>\n<li><a href=\"https:\/\/news.google.com\/rss\/articles\/CBMijAFBVV95cUxNY1pYN1UtbEpnN1dSMWVZMERvOTh6UUlnd2tIYjhITF9fYmdfQlVKdHE4R0NJQUpLZXNlZnlDVEtlWXhYM3laclpzRnFoVW1OTGRmYy1hREhCUjRIOG44a0pwY1lFeFJic09vbzlUVmF5YWlWX2Q4TFBiVWV3c0ZLMjg5cV9yUDZudGhLbA?oc=5\" target=\"_blank\" rel=\"nofollow noopener\">Maakond sai juurde tosin uut ilmakodanikku<\/a>&nbsp;&nbsp;J\u00e4rva Teataja<\/li>\n<li><a href=\"https:\/\/news.google.com\/rss\/articles\/CBMilAFBVV95cUxOZUs1WG1NN3pQTWc0ZTI1X3dtVXlRZnNfZnNKR2U1Yk41UHNpLTl4TlN6VHRUMUNUelJxazFZd1RoeHNVc21fSzAtV1RBUVE4NXJTVWxXWWRzdnhTVVE1Q2MyT3RZN3Fvc0hMRndxc1pxWHFOVUh0R0Z6Z2pxR2VCWHhIWHJlWUJKQmNKTWM1MmNHcmEx?oc=5\" target=\"_blank\" rel=\"nofollow noopener\">Juulis registreeriti Eestis 783 s\u00fcndi, Saaremaal 20<\/a>&nbsp;&nbsp;Saarte H\u00e4\u00e4l<\/li>\n<li><a href=\"https:\/\/news.google.com\/rss\/articles\/CBMigwFBVV95cUxOMkgwZ3hYMk5GOFJYNE5xNmc1U1JXci1aWjVDVnFqMUdFS2ZBaVB2dXpzZ2kzU0FVX0U5SEhtZFdKRkc3UXRvM0l4NnA5bFIzcWRTWmFSZVFhakxqU0UwVFNjc3lHZ09ZeEpsWmFMUDBqVlpVX2xaS2lVeGdHMGFoVUlaZw?oc=5\" target=\"_blank\" rel=\"nofollow noopener\">Juulis registreeriti L\u00e4\u00e4nemaal kaheksa s\u00fcndi<\/a>&nbsp;&nbsp;online.le.ee<\/li>\n<li><a href=\"https:\/\/news.google.com\/rss\/articles\/CBMivAFBVV95cUxNdTkwVThBQ3dFNG1uNzBkMEQ4b3E5eUJRMk4zck5ya0pnQW5pYk5sWmc2ajd5cGhZSHREYm5saTdPNUJUOW5ZRlRnOHM0NGZ3WE16QVJ2X3g4eF9vVFdRaWx5Z0hwdm9KSHNLdFBlWmRUdkc4WlNhTDZBNnBlSkFfcm8tWmhXTWhjRFlqSG1wV3k4d3ZkX3JHLTV3MnF3b3hVNnNKT0dTMXU1cTNnQTVhNzF6cjFQbUprWUpKWg?oc=5\" target=\"_blank\" rel=\"nofollow noopener\">\u00dcKS MURE V\u00c4HEM \u27e9 Kasutuseta asjade annetamine on n\u00fc\u00fcd veel lihtsam<\/a>&nbsp;&nbsp;Inbox.eu<\/li>\n<li><a href=\"https:\/\/news.google.com\/rss\/articles\/CBMiqAFBVV95cUxOMC1LQ3VITzAzZVRqeXR6TnRudlVXdk5GUk1FZ3JoYUc1cDZ4eV9Sc3BTbHJEd1hhZ0VzUWNzM2wtdHdEQ3BOY3IxUGF4N1hIRE8zOE5WcmNCblV0dlJ6c2tnU2R6alNtbnJVaXJHdE1kUi1pLXI5Yl8yU2xaX1pxaVplcGNsVDRjblROekNaVnpfOVhiVm13WWcwR1ZSaW5QNmlpTVhpSjA?oc=5\" target=\"_blank\" rel=\"nofollow noopener\">GRAAFIK \u27e9 V\u00f5rreldes eelmise aastaga on t\u00e4navu s\u00fcndinud ligi 300 last v\u00e4hem<\/a>&nbsp;&nbsp;Postimees<\/li>\n<\/ol>\n","protected":false},"excerpt":{"rendered":"Maakond sai juurde tosin uut ilmakodanikku&nbsp;&nbsp;J\u00e4rva Teataja Juulis registreeriti Eestis 783 s\u00fcndi, Saaremaal 20&nbsp;&nbsp;Saarte H\u00e4\u00e4l Juulis registreeriti L\u00e4\u00e4nemaal&hellip;\n","protected":false},"author":2,"featured_media":250655,"comment_status":"","ping_status":"","sticky":false,"template":"","format":"standard","meta":{"footnotes":"","_share_on_mastodon":"0"},"categories":[12],"tags":[26,27,37,33,35,34,36,31,32,21,28,29,19,25,98591,2238,23,24,22,20,30],"class_list":["post-250654","post","type-post","status-publish","format-standard","has-post-thumbnail","category-eesti","tag-breaking-news","tag-breakingnews","tag-ee","tag-eesti","tag-eesti-keel","tag-estonia","tag-estonian","tag-featured-news","tag-featurednews","tag-headlines","tag-latest-news","tag-latestnews","tag-news","tag-populaarseimad-lood","tag-registreeritud-sunnid","tag-sunnid","tag-top-stories","tag-topstories","tag-uldised-uudised","tag-uudised","tag-viimased-uudised"],"share_on_mastodon":{"url":"https:\/\/pubeurope.com\/@ee\/117084621712642958","error":""},"_links":{"self":[{"href":"https:\/\/www.europesays.com\/ee\/wp-json\/wp\/v2\/posts\/250654","targetHints":{"allow":["GET"]}}],"collection":[{"href":"https:\/\/www.europesays.com\/ee\/wp-json\/wp\/v2\/posts"}],"about":[{"href":"https:\/\/www.europesays.com\/ee\/wp-json\/wp\/v2\/types\/post"}],"author":[{"embeddable":true,"href":"https:\/\/www.europesays.com\/ee\/wp-json\/wp\/v2\/users\/2"}],"replies":[{"embeddable":true,"href":"https:\/\/www.europesays.com\/ee\/wp-json\/wp\/v2\/comments?post=250654"}],"version-history":[{"count":0,"href":"https:\/\/www.europesays.com\/ee\/wp-json\/wp\/v2\/posts\/250654\/revisions"}],"wp:featuredmedia":[{"embeddable":true,"href":"https:\/\/www.europesays.com\/ee\/wp-json\/wp\/v2\/media\/250655"}],"wp:attachment":[{"href":"https:\/\/www.europesays.com\/ee\/wp-json\/wp\/v2\/media?parent=250654"}],"wp:term":[{"taxonomy":"category","embeddable":true,"href":"https:\/\/www.europesays.com\/ee\/wp-json\/wp\/v2\/categories?post=250654"},{"taxonomy":"post_tag","embeddable":true,"href":"https:\/\/www.europesays.com\/ee\/wp-json\/wp\/v2\/tags?post=250654"}],"curies":[{"name":"wp","href":"https:\/\/api.w.org\/{rel}","templated":true}]}}