{"id":250684,"date":"2026-08-12T21:58:07","date_gmt":"2026-08-12T21:58:07","guid":{"rendered":"https:\/\/www.europesays.com\/ee\/250684\/"},"modified":"2026-08-12T21:58:07","modified_gmt":"2026-08-12T21:58:07","slug":"fotod-ja-video-nad-voiksid-vabalt-eestis-turniire-mangida-vaaks-ja-joesaar-votsid-liival-mootu-rannavorkpalli-tippudega-2","status":"publish","type":"post","link":"https:\/\/www.europesays.com\/ee\/250684\/","title":{"rendered":"FOTOD JA VIDEO | \u201eNad v\u00f5iksid vabalt Eestis turniire m\u00e4ngida.\u201c Vaaks ja J\u00f5esaar v\u00f5tsid liival m\u00f5\u00f5tu rannav\u00f5rkpalli tippudega"},"content":{"rendered":"<p class=\"PDq2pG_selectionAnchorContainer\">Ballzy vedamisel toimus kolmap\u00e4eval kaks n\u00e4idismat\u0161i. Esmalt l\u00e4ksid Hugo Toom \u2013 Janari J\u00f5esaar duo liival vastamisi paariga Stefan Vaaks \u2013 Oliver Suurorg ning seej\u00e4rel madistasid korvpallikoondise (v\u00e4idetavalt) kaks paremat vollem\u00e4ngijat juba Eesti tippudega.<\/p>\n<p>Korvpallurite omavahelises m\u00f5\u00f5duv\u00f5tus j\u00e4id peale Vaaks ja Suurorg. \u201eMu ema m\u00e4ngis rannav\u00f5rkpalli, tegelikult olen ka lapsest saadik sisuliselt igal suvel m\u00e4ngimas k\u00e4inud. Aga ainult rannav\u00f5rku, kus U14 tasemel olin isegi Eesti meister, sest saaliv\u00f5rkpall mulle ei meeldi. J\u00f5ss \u00fctles, et ta on k\u00f5va v\u00f5rgumees, ja ma v\u00e4itsin, et olen parem. Sealt tekkis idee,\u201c selgitas Vaaks \u00fcrituse tagamaid.<\/p>\n<p><a href=\"https:\/\/sport.delfi.ee\/a\/120603396\/fotod-ja-video-nad-voiksid-vabalt-eestis-turniire-mangida-vaaks-ja-joesaar-votsid-liival-mootu-rannavorkpalli-tippudega\/kommentaarid\" class=\"button button--primary button--size-auto article-body-bottom__comment article-body-bottom__comment--write\" style=\"\" rel=\"nofollow noopener\" target=\"_blank\">Kommenteeri<\/a><a href=\"https:\/\/sport.delfi.ee\/a\/120603396\/fotod-ja-video-nad-voiksid-vabalt-eestis-turniire-mangida-vaaks-ja-joesaar-votsid-liival-mootu-rannavorkpalli-tippudega\/kommentaarid\" class=\"button button--size-auto article-body-bottom__comment article-body-bottom__comment--read\" style=\"\" rel=\"nofollow noopener\" target=\"_blank\">Loe kommentaare <\/a><\/p>\n","protected":false},"excerpt":{"rendered":"Ballzy vedamisel toimus kolmap\u00e4eval kaks n\u00e4idismat\u0161i. Esmalt l\u00e4ksid Hugo Toom \u2013 Janari J\u00f5esaar duo liival vastamisi paariga Stefan&hellip;\n","protected":false},"author":2,"featured_media":250685,"comment_status":"","ping_status":"","sticky":false,"template":"","format":"standard","meta":{"footnotes":"","_share_on_mastodon":"0"},"categories":[18],"tags":[37,33,35,34,36,3526,159,158,13206],"class_list":["post-250684","post","type-post","status-publish","format-standard","has-post-thumbnail","category-sport","tag-ee","tag-eesti","tag-eesti-keel","tag-estonia","tag-estonian","tag-janari-joesaar","tag-sport","tag-sports","tag-stefan-vaaks"],"share_on_mastodon":{"url":"https:\/\/pubeurope.com\/@ee\/117084782973304238","error":""},"_links":{"self":[{"href":"https:\/\/www.europesays.com\/ee\/wp-json\/wp\/v2\/posts\/250684","targetHints":{"allow":["GET"]}}],"collection":[{"href":"https:\/\/www.europesays.com\/ee\/wp-json\/wp\/v2\/posts"}],"about":[{"href":"https:\/\/www.europesays.com\/ee\/wp-json\/wp\/v2\/types\/post"}],"author":[{"embeddable":true,"href":"https:\/\/www.europesays.com\/ee\/wp-json\/wp\/v2\/users\/2"}],"replies":[{"embeddable":true,"href":"https:\/\/www.europesays.com\/ee\/wp-json\/wp\/v2\/comments?post=250684"}],"version-history":[{"count":0,"href":"https:\/\/www.europesays.com\/ee\/wp-json\/wp\/v2\/posts\/250684\/revisions"}],"wp:featuredmedia":[{"embeddable":true,"href":"https:\/\/www.europesays.com\/ee\/wp-json\/wp\/v2\/media\/250685"}],"wp:attachment":[{"href":"https:\/\/www.europesays.com\/ee\/wp-json\/wp\/v2\/media?parent=250684"}],"wp:term":[{"taxonomy":"category","embeddable":true,"href":"https:\/\/www.europesays.com\/ee\/wp-json\/wp\/v2\/categories?post=250684"},{"taxonomy":"post_tag","embeddable":true,"href":"https:\/\/www.europesays.com\/ee\/wp-json\/wp\/v2\/tags?post=250684"}],"curies":[{"name":"wp","href":"https:\/\/api.w.org\/{rel}","templated":true}]}}