{"id":250748,"date":"2026-08-13T00:33:30","date_gmt":"2026-08-13T00:33:30","guid":{"rendered":"https:\/\/www.europesays.com\/ee\/250748\/"},"modified":"2026-08-13T00:33:30","modified_gmt":"2026-08-13T00:33:30","slug":"parempoolsete-toetus-langes-kriitilisele-piirile-opositsioon-hoiab-ulekaalu","status":"publish","type":"post","link":"https:\/\/www.europesays.com\/ee\/250748\/","title":{"rendered":"Parempoolsete toetus langes kriitilisele piirile, opositsioon hoiab \u00fclekaalu"},"content":{"rendered":"<p class=\"text-muted-foreground text-[15px] leading-relaxed\">Norstati v\u00e4rske k\u00fcsitluse kohaselt langes mitteparlamentaarse Parempoolsete erakonna toetus viimase nelja n\u00e4dalaga 1,2 protsendipunkti v\u00f5rra 5,4 protsendini, asetades nad valimisk\u00fcnnise piirile, samal ajal kui opositsioonierakonnad s\u00e4ilitavad valitsuskoalitsiooni ees m\u00e4rkimisv\u00e4\u00e4rse \u00fclekaalu.<\/p>\n<p><a class=\"border-border\/60 hover:border-foreground\/30 focus-visible:ring-foreground\/30 mt-3 flex items-center justify-between gap-3 border px-3 py-2 font-mono text-[10px] font-medium uppercase tracking-wide transition-colors duration-150 focus-visible:outline-none focus-visible:ring-2\" data-sentry-element=\"Link\" data-sentry-component=\"StoryCirculationTeaser\" data-sentry-source-file=\"StoryCirculation.tsx\" href=\"https:\/\/shortl.ee\/et\/estonia\/2026-08-12\" rel=\"nofollow noopener\" target=\"_blank\">EILE \u00b7 17 LUGU \u00b7 t\u00e4nane v\u00e4ljaanne t\u00e4ienebVaata \u00fcle<\/a><\/p>\n","protected":false},"excerpt":{"rendered":"Norstati v\u00e4rske k\u00fcsitluse kohaselt langes mitteparlamentaarse Parempoolsete erakonna toetus viimase nelja n\u00e4dalaga 1,2 protsendipunkti v\u00f5rra 5,4 protsendini, asetades&hellip;\n","protected":false},"author":2,"featured_media":250749,"comment_status":"","ping_status":"","sticky":false,"template":"","format":"standard","meta":{"footnotes":"","_share_on_mastodon":"0"},"categories":[12],"tags":[26,27,37,33,35,10128,34,36,31,32,21,731,7987,28,29,19,1832,12439,1059,55988,25,640,23,24,22,20,98597,30],"class_list":["post-250748","post","type-post","status-publish","format-standard","has-post-thumbnail","category-eesti","tag-breaking-news","tag-breakingnews","tag-ee","tag-eesti","tag-eesti-keel","tag-eesti-poliitika","tag-estonia","tag-estonian","tag-featured-news","tag-featurednews","tag-headlines","tag-isamaa","tag-koalitsioon","tag-latest-news","tag-latestnews","tag-news","tag-norstat","tag-opositsioon","tag-parempoolsed","tag-parteide-toetus","tag-populaarseimad-lood","tag-riigikogu","tag-top-stories","tag-topstories","tag-uldised-uudised","tag-uudised","tag-valimiskusitlus","tag-viimased-uudised"],"share_on_mastodon":{"url":"https:\/\/pubeurope.com\/@ee\/117085392221966246","error":""},"_links":{"self":[{"href":"https:\/\/www.europesays.com\/ee\/wp-json\/wp\/v2\/posts\/250748","targetHints":{"allow":["GET"]}}],"collection":[{"href":"https:\/\/www.europesays.com\/ee\/wp-json\/wp\/v2\/posts"}],"about":[{"href":"https:\/\/www.europesays.com\/ee\/wp-json\/wp\/v2\/types\/post"}],"author":[{"embeddable":true,"href":"https:\/\/www.europesays.com\/ee\/wp-json\/wp\/v2\/users\/2"}],"replies":[{"embeddable":true,"href":"https:\/\/www.europesays.com\/ee\/wp-json\/wp\/v2\/comments?post=250748"}],"version-history":[{"count":0,"href":"https:\/\/www.europesays.com\/ee\/wp-json\/wp\/v2\/posts\/250748\/revisions"}],"wp:featuredmedia":[{"embeddable":true,"href":"https:\/\/www.europesays.com\/ee\/wp-json\/wp\/v2\/media\/250749"}],"wp:attachment":[{"href":"https:\/\/www.europesays.com\/ee\/wp-json\/wp\/v2\/media?parent=250748"}],"wp:term":[{"taxonomy":"category","embeddable":true,"href":"https:\/\/www.europesays.com\/ee\/wp-json\/wp\/v2\/categories?post=250748"},{"taxonomy":"post_tag","embeddable":true,"href":"https:\/\/www.europesays.com\/ee\/wp-json\/wp\/v2\/tags?post=250748"}],"curies":[{"name":"wp","href":"https:\/\/api.w.org\/{rel}","templated":true}]}}