{"id":250756,"date":"2026-08-13T01:43:11","date_gmt":"2026-08-13T01:43:11","guid":{"rendered":"https:\/\/www.europesays.com\/ee\/250756\/"},"modified":"2026-08-13T01:43:11","modified_gmt":"2026-08-13T01:43:11","slug":"valge-maja-pressiesindaja-karoline-leavitt-lahkub-ametist","status":"publish","type":"post","link":"https:\/\/www.europesays.com\/ee\/250756\/","title":{"rendered":"Valge Maja pressiesindaja Karoline Leavitt lahkub ametist"},"content":{"rendered":"<p>BBC kirjutas, et Leavitt, keda president Trump on nimetanud oma \u201ek\u00f5ige usaldusv\u00e4\u00e4rsemaks n\u00f5unikuks\u201c, lahkub ametikohalt, et p\u00fchendada rohkem aega oma lastele ja perele. \u201eOtsus, millest saan t\u00e4ielikult aru ja mida austan,\u201c kirjutas Trump oma Truth Sociali postituses.<\/p>\n<p>\u201eKaroline\u2019ist saab n\u00fc\u00fcd \u00fcks minu peamisi v\u00e4liseid n\u00f5unikke ja m\u00f5jukas h\u00e4\u00e4l Vabariiklikus parteis,\u201c m\u00e4rkis Trump.<\/p>\n<p>Leavitt sai mais abikaasa Nicholas Riccioga teise lapse, t\u00fctre. Neil on ka kaheaastane poeg. Eelmisel kuul naasis ta p\u00e4rast lapsehoolduspuhkust t\u00f6\u00f6le.<\/p>\n<p>28-aastane Leavitt asus Valge Maja pressiesindaja ametisse m\u00f6\u00f6dunud aastal, olles seejuures noorim, kes on seda ametikohta kunagi pidanud.<\/p>\n<p>P\u00e4rast presidendi teadet kirjutas Leavitt sotsiaalmeediaplatvormil X, et tema t\u00f6\u00f6 on olnud \u201eelu suurim au ja seiklus\u201c.<\/p>\n<p>\u201eEmaks olemine ja uue lapse vastuv\u00f5tmine samal ajal, kui t\u00f6\u00f6tad \u00fchel maailma k\u00f5ige n\u00f5udlikumal ametikohal, on olnud minu elu k\u00f5ige rahuldust pakkuvam, kuid samas ka k\u00f5ige keerulisem periood, pehmelt \u00f6eldes,\u201c kirjutas ta.<\/p>\n<p>\u201eT\u00f5de on see, et p\u00e4rast t\u00fctre s\u00fcnni j\u00e4rel Valgesse majja naasmist olen oma s\u00fcdames tundnud, et ma ei saa olla nii hea ema nagu mu kaks v\u00e4ikest last v\u00e4\u00e4rivad, kui p\u00fchendan Valge Maja pressiesindaja ametikohale selleks vajalikul m\u00e4\u00e4ral pidevalt aega, energiat ja t\u00e4helepanu. Seet\u00f5ttu olen l\u00f5puks otsustanud Valgest Majast lahkuda ja alustada oma elus uut peat\u00fckki,\u201c j\u00e4tkas ta.<\/p>\n<p>S\u00fc\u00fcdistas ajakirjanikke kallutatuses<\/p>\n<p>Leavitt on t\u00f6\u00f6tanud Trumpiga koos juba pikemat aega, ka enne Valge Maja pressiesindajaks saamist. Esimesel ametiajal t\u00f6\u00f6tas ta Trumpi juures pressiesindaja assistendi ja k\u00f5nekirjutajana.<\/p>\n<p>Hiljem sai temast New Yorgi vabariiklasest kongresmeni Elise Stefaniku juhtiv n\u00f5unik, t\u00f6\u00f6tades tema kommunikatsioonidirektorina.<\/p>\n<p>2022. aastal kandideeris Leavitt edutult New Hampshire\u2019ist USA Kongressi. Ta v\u00f5itis pingelise vabariiklaste eelvalimise, kuid kaotas l\u00f5puks demokraadile Chris Pappasele.<\/p>\n<p>Hiljem sai temast Trumpi-meelse rahakogumisorganisatsiooni Maga Inc eestk\u00f5neleja, enne kui ta liitus riikliku pressiesindajana Trumpi 2024. aasta valimiskampaaniaga.<\/p>\n<p>Leavitti suhted <a rel=\"noopener nofollow\" target=\"_blank\" href=\"https:\/\/www.delfi.ee\/teema\/918\/ajakirjandus\" tag-id=\"918\">ajakirjandusega<\/a> on olnud kohati vastandlikud. Ta s\u00fc\u00fcdistas m\u00f5ningaid ajakirjanikke kallutatuses ja vasakpoolsuses.<\/p>\n<p>Eelmise aasta veebruaris v\u00f5ttis tema b\u00fcroo enda kontrolli alla Valge Maja pressikorpuse, j\u00e4ttes Valge Maja Korrespondentide \u00dchenduse ilma korralduslikest \u00fclesannetest. Samuti keelas ta algselt Associated Pressil pressi\u00fcritustel osalemise, kuna v\u00e4ljaanne keeldus kasutamast nimetust \u201eAmeerika laht\u201c (ingl \u201eGulf of America\u201c).<\/p>\n<p>Trumpi administratsiooni toetajad seevastu kiitsid teda laialdaselt selle eest, et ta p\u00fcsis \u201es\u00f5numi juures\u201c ja kaitses j\u00f5uliselt presidendi poliitikat.<\/p>\n<p>Praegu pole aga selge, kellest saab Trumpi j\u00e4rgmine pressiesindaja. Ta oleks Trumpi kahe ametiaja peale juba kuues.<\/p>\n<p>Selle aasta alguses, Leavitti umbes seitse n\u00e4dalat kestnud lapsehoolduspuhkuse ajal, astusid pressipulti mitmed Trumpi administratsiooni k\u00f5rged ametnikud, sealhulgas asepresident JD Vance, v\u00e4lisminister Marco Rubio ja siseminister Doug Burgum.<\/p>\n<p>Kuidas see lugu Sind end tundma pani?Saada<a href=\"https:\/\/www.delfi.ee\/artikkel\/120603411\/valge-maja-pressiesindaja-karoline-leavitt-lahkub-ametist\/kommentaarid\" class=\"button button--primary button--size-auto article-body-bottom__comment article-body-bottom__comment--write\" style=\"\" rel=\"nofollow noopener\" target=\"_blank\">Kommenteeri<\/a><a href=\"https:\/\/www.delfi.ee\/artikkel\/120603411\/valge-maja-pressiesindaja-karoline-leavitt-lahkub-ametist\/kommentaarid\" class=\"button button--size-auto article-body-bottom__comment article-body-bottom__comment--read\" style=\"\" rel=\"nofollow noopener\" target=\"_blank\">Loe kommentaare (31)<\/a><\/p>\n","protected":false},"excerpt":{"rendered":"BBC kirjutas, et Leavitt, keda president Trump on nimetanud oma \u201ek\u00f5ige usaldusv\u00e4\u00e4rsemaks n\u00f5unikuks\u201c, lahkub ametikohalt, et p\u00fchendada rohkem&hellip;\n","protected":false},"author":2,"featured_media":250757,"comment_status":"","ping_status":"","sticky":false,"template":"","format":"standard","meta":{"footnotes":"","_share_on_mastodon":"0"},"categories":[80],"tags":[622,26,27,324,37,33,35,34,36,31,32,21,3303,28,29,95,19,25,23,24,22,20,6624,1900,30,92,93,94],"class_list":["post-250756","post","type-post","status-publish","format-standard","has-post-thumbnail","category-maailm","tag-ajakirjandus","tag-breaking-news","tag-breakingnews","tag-donald-trump","tag-ee","tag-eesti","tag-eesti-keel","tag-estonia","tag-estonian","tag-featured-news","tag-featurednews","tag-headlines","tag-karoline-leavitt","tag-latest-news","tag-latestnews","tag-maailm","tag-news","tag-populaarseimad-lood","tag-top-stories","tag-topstories","tag-uldised-uudised","tag-uudised","tag-vabariiklik-partei","tag-valge-maja","tag-viimased-uudised","tag-world","tag-world-news","tag-worldnews"],"share_on_mastodon":{"url":"https:\/\/pubeurope.com\/@ee\/117085667792534339","error":""},"_links":{"self":[{"href":"https:\/\/www.europesays.com\/ee\/wp-json\/wp\/v2\/posts\/250756","targetHints":{"allow":["GET"]}}],"collection":[{"href":"https:\/\/www.europesays.com\/ee\/wp-json\/wp\/v2\/posts"}],"about":[{"href":"https:\/\/www.europesays.com\/ee\/wp-json\/wp\/v2\/types\/post"}],"author":[{"embeddable":true,"href":"https:\/\/www.europesays.com\/ee\/wp-json\/wp\/v2\/users\/2"}],"replies":[{"embeddable":true,"href":"https:\/\/www.europesays.com\/ee\/wp-json\/wp\/v2\/comments?post=250756"}],"version-history":[{"count":0,"href":"https:\/\/www.europesays.com\/ee\/wp-json\/wp\/v2\/posts\/250756\/revisions"}],"wp:featuredmedia":[{"embeddable":true,"href":"https:\/\/www.europesays.com\/ee\/wp-json\/wp\/v2\/media\/250757"}],"wp:attachment":[{"href":"https:\/\/www.europesays.com\/ee\/wp-json\/wp\/v2\/media?parent=250756"}],"wp:term":[{"taxonomy":"category","embeddable":true,"href":"https:\/\/www.europesays.com\/ee\/wp-json\/wp\/v2\/categories?post=250756"},{"taxonomy":"post_tag","embeddable":true,"href":"https:\/\/www.europesays.com\/ee\/wp-json\/wp\/v2\/tags?post=250756"}],"curies":[{"name":"wp","href":"https:\/\/api.w.org\/{rel}","templated":true}]}}