{"id":250764,"date":"2026-08-13T02:06:19","date_gmt":"2026-08-13T02:06:19","guid":{"rendered":"https:\/\/www.europesays.com\/ee\/250764\/"},"modified":"2026-08-13T02:06:19","modified_gmt":"2026-08-13T02:06:19","slug":"opositsioon-osaliselt-tasulist-kiirabi-ei-toeta-pohjendamatute-kutsetega-tuleb-tegeleda-aga-mitte-patsiendile-arvet-esitades-3","status":"publish","type":"post","link":"https:\/\/www.europesays.com\/ee\/250764\/","title":{"rendered":"Opositsioon osaliselt tasulist kiirabi ei toeta: p\u00f5hjendamatute kutsetega tuleb tegeleda, aga mitte patsiendile arvet esitades"},"content":{"rendered":"<p>Sotsiaalminister <a rel=\"noopener nofollow\" target=\"_blank\" href=\"https:\/\/www.delfi.ee\/teema\/80833473\/karmen-joller\" tag-id=\"80833473\">Karmen Joller<\/a> (Reformierakond) r\u00e4\u00e4kis intervjuus Delfile, et pooldab m\u00f5tet muuta kiirabi osaliselt tasuliseks. \u201eArstina mul ei ole selle vastu midagi, nii et kui mulle eksperdid \u00fctlevad, et see on vajalik otsus, anal\u00fc\u00fcsid seda toetavad ja valdkond ka, siis ma teeks selle \u00e4ra v\u00f5i l\u00fckkaks alguse k\u00e4ima,\u201c s\u00f5nas ta. <\/p>\n<p>\u201eMulle on kiirabimeedikud r\u00e4\u00e4kinud n\u00e4iteks kutsest, kus neil paluti tulla beebi juurde sellep\u00e4rast, et emal olid liiga pikad k\u00fc\u00fcned ja ta ei saanud beebile k\u00fc\u00fcnalt pepusse panna. Selline kutse v\u00f5iks k\u00fcll tasuline olla, ma arvan,\u201c t\u00f5i Joller n\u00e4ite.<\/p>\n<p><a href=\"https:\/\/www.delfi.ee\/artikkel\/120603322\/opositsioon-osaliselt-tasulist-kiirabi-ei-toeta-pohjendamatute-kutsetega-tuleb-tegeleda-aga-mitte-patsiendile-arvet-esitades\/kommentaarid\" class=\"button button--primary button--size-auto article-body-bottom__comment article-body-bottom__comment--write\" style=\"\" rel=\"nofollow noopener\" target=\"_blank\">Kommenteeri<\/a><a href=\"https:\/\/www.delfi.ee\/artikkel\/120603322\/opositsioon-osaliselt-tasulist-kiirabi-ei-toeta-pohjendamatute-kutsetega-tuleb-tegeleda-aga-mitte-patsiendile-arvet-esitades\/kommentaarid\" class=\"button button--size-auto article-body-bottom__comment article-body-bottom__comment--read\" style=\"\" rel=\"nofollow noopener\" target=\"_blank\">Loe kommentaare (113)<\/a><\/p>\n","protected":false},"excerpt":{"rendered":"Sotsiaalminister Karmen Joller (Reformierakond) r\u00e4\u00e4kis intervjuus Delfile, et pooldab m\u00f5tet muuta kiirabi osaliselt tasuliseks. \u201eArstina mul ei ole&hellip;\n","protected":false},"author":2,"featured_media":250765,"comment_status":"","ping_status":"","sticky":false,"template":"","format":"standard","meta":{"footnotes":"","_share_on_mastodon":"0"},"categories":[12],"tags":[26,27,37,33,35,34,36,31,32,21,1793,566,28,29,647,19,25,13592,23169,23,24,22,20,30],"class_list":["post-250764","post","type-post","status-publish","format-standard","has-post-thumbnail","category-eesti","tag-breaking-news","tag-breakingnews","tag-ee","tag-eesti","tag-eesti-keel","tag-estonia","tag-estonian","tag-featured-news","tag-featurednews","tag-headlines","tag-karmen-joller","tag-kiirabi","tag-latest-news","tag-latestnews","tag-mihhail-kolvart","tag-news","tag-populaarseimad-lood","tag-riina-solman","tag-tanel-kiik","tag-top-stories","tag-topstories","tag-uldised-uudised","tag-uudised","tag-viimased-uudised"],"share_on_mastodon":{"url":"https:\/\/pubeurope.com\/@ee\/117085757946370536","error":""},"_links":{"self":[{"href":"https:\/\/www.europesays.com\/ee\/wp-json\/wp\/v2\/posts\/250764","targetHints":{"allow":["GET"]}}],"collection":[{"href":"https:\/\/www.europesays.com\/ee\/wp-json\/wp\/v2\/posts"}],"about":[{"href":"https:\/\/www.europesays.com\/ee\/wp-json\/wp\/v2\/types\/post"}],"author":[{"embeddable":true,"href":"https:\/\/www.europesays.com\/ee\/wp-json\/wp\/v2\/users\/2"}],"replies":[{"embeddable":true,"href":"https:\/\/www.europesays.com\/ee\/wp-json\/wp\/v2\/comments?post=250764"}],"version-history":[{"count":0,"href":"https:\/\/www.europesays.com\/ee\/wp-json\/wp\/v2\/posts\/250764\/revisions"}],"wp:featuredmedia":[{"embeddable":true,"href":"https:\/\/www.europesays.com\/ee\/wp-json\/wp\/v2\/media\/250765"}],"wp:attachment":[{"href":"https:\/\/www.europesays.com\/ee\/wp-json\/wp\/v2\/media?parent=250764"}],"wp:term":[{"taxonomy":"category","embeddable":true,"href":"https:\/\/www.europesays.com\/ee\/wp-json\/wp\/v2\/categories?post=250764"},{"taxonomy":"post_tag","embeddable":true,"href":"https:\/\/www.europesays.com\/ee\/wp-json\/wp\/v2\/tags?post=250764"}],"curies":[{"name":"wp","href":"https:\/\/api.w.org\/{rel}","templated":true}]}}