{"id":25081,"date":"2025-10-22T11:46:09","date_gmt":"2025-10-22T11:46:09","guid":{"rendered":"https:\/\/www.europesays.com\/ee\/25081\/"},"modified":"2025-10-22T11:46:09","modified_gmt":"2025-10-22T11:46:09","slug":"uus-voimuliit-koostamisel-ekre-voib-hiiumaal-voimu-juurde-paaseda-hiiu-leht","status":"publish","type":"post","link":"https:\/\/www.europesays.com\/ee\/25081\/","title":{"rendered":"UUS V\u00d5IMULIIT KOOSTAMISEL | EKRE v\u00f5ib Hiiumaal v\u00f5imu juurde p\u00e4\u00e4seda &#8211; Hiiu Leht"},"content":{"rendered":"<ol>\n<li><a href=\"https:\/\/news.google.com\/rss\/articles\/CBMijwFBVV95cUxOUURUbEVmQ2E2UEYtU2FSMmFfQ29DbjFoWkwtWXlQcnBtNFplRWpVNHZ5cVZDRF9sbDJiUVFaTXNFWjlFazNWSXRRMTBHUi1KZldQRWFHb0d3Zkk5Q1JVMVlLUzAwaEYwSjhHd1RIZGU0UGpWUHVmQmhwdmRQY3lXV09mcjVuaWpZRjBtcWJ0VQ?oc=5\" target=\"_blank\" rel=\"nofollow noopener\">UUS V\u00d5IMULIIT KOOSTAMISEL | EKRE v\u00f5ib Hiiumaal v\u00f5imu juurde p\u00e4\u00e4seda<\/a>&nbsp;&nbsp;Hiiu Leht<\/li>\n<li><a href=\"https:\/\/news.google.com\/rss\/articles\/CBMiZEFVX3lxTE1CNXA0QVBZWENxUnMzaGEyZU8wQk9JMlcyUzVwTzh1N3JWc1FVTnZfWGlwNlJPTVZnQ3dRdUFrMHBlRll6SVRPZEdEd09rSkFYSTBtcmlFQ0lXRXJsdnlOYVJMLVE?oc=5\" target=\"_blank\" rel=\"nofollow noopener\">OTSEKAJASTUS | Hiiumaal v\u00f5itsid sotsid<\/a>&nbsp;&nbsp;Hiiu Leht<\/li>\n<li><a href=\"https:\/\/news.google.com\/rss\/articles\/CBMikwFBVV95cUxQMmFxU2dDeWR5UWZKMlRKdG44STVfQjlXZTE5QmtfSlZmcGVaRVpkblZBMTBHNi1GUkRoalJ0MW5SSFVOMTdYcVY5X2U5RjBLSXRra0FscnZTX1ZUZlZpaS1kUUR1TkNtNjAwczZEdEo2OElQdmNhM3d3d2Fhc1hZWUFJeEYyWEJuT3RYNnFPSmZ6MXM?oc=5\" target=\"_blank\" rel=\"nofollow noopener\">T\u00e4navak\u00fcsitluse video: kas olete valimistulemustega rahul?<\/a>&nbsp;&nbsp;L\u00e4\u00e4ne Elu<\/li>\n<li><a href=\"https:\/\/news.google.com\/rss\/articles\/CBMifEFVX3lxTE1HZFdwRlQ2LXM0V3FCMVktbGFqY3JoTndKbEtNUDQ4TW9MVzdwRnEwN1lwWFREUlRkaEtUVmZTZjNGN2RUbktLODhpZXFRSWlDX09lVzU4ZFZtWjFxMmpqblJjYUwwZmNxUXM4eVJ5NFNKSUJMUHpzdC1XNnI?oc=5\" target=\"_blank\" rel=\"nofollow noopener\">VALIMISP\u00c4EV | Emmastes viis v\u00e4rvivahetus h\u00e4\u00e4le<\/a>&nbsp;&nbsp;Hiiu Leht<\/li>\n<li><a href=\"https:\/\/news.google.com\/rss\/articles\/CBMihAFBVV95cUxPV1oweHBZTFhjVDcxdWZIVXU2aFIzaDhIRWpLdHJRSlQ0ci1fbFZmRU5TQm5seDhfQ05BenpkU0xfNTVBUllJandoY0pzWERUbVRwN3JVLW1DdjcxT3VlUE8tcnZVTVo2emljVDc3SWw0Y3htRzlZMUFkNkU2U3Q5cGRDQWE?oc=5\" target=\"_blank\" rel=\"nofollow noopener\">VALIMISP\u00c4EV | 95aastane Endel tuli valima kindla teadmisega<\/a>&nbsp;&nbsp;Hiiu Leht<\/li>\n<\/ol>\n","protected":false},"excerpt":{"rendered":"UUS V\u00d5IMULIIT KOOSTAMISEL | EKRE v\u00f5ib Hiiumaal v\u00f5imu juurde p\u00e4\u00e4seda&nbsp;&nbsp;Hiiu Leht OTSEKAJASTUS | Hiiumaal v\u00f5itsid sotsid&nbsp;&nbsp;Hiiu Leht T\u00e4navak\u00fcsitluse&hellip;\n","protected":false},"author":2,"featured_media":25082,"comment_status":"","ping_status":"","sticky":false,"template":"","format":"standard","meta":{"footnotes":""},"categories":[12],"tags":[26,27,37,33,35,34,36,31,32,21,28,29,19,25,23,24,22,20,3194,30],"class_list":{"0":"post-25081","1":"post","2":"type-post","3":"status-publish","4":"format-standard","5":"has-post-thumbnail","7":"category-eesti","8":"tag-breaking-news","9":"tag-breakingnews","10":"tag-ee","11":"tag-eesti","12":"tag-eesti-keel","13":"tag-estonia","14":"tag-estonian","15":"tag-featured-news","16":"tag-featurednews","17":"tag-headlines","18":"tag-latest-news","19":"tag-latestnews","20":"tag-news","21":"tag-populaarseimad-lood","22":"tag-top-stories","23":"tag-topstories","24":"tag-uldised-uudised","25":"tag-uudised","26":"tag-valjatoste","27":"tag-viimased-uudised"},"share_on_mastodon":{"url":"","error":""},"_links":{"self":[{"href":"https:\/\/www.europesays.com\/ee\/wp-json\/wp\/v2\/posts\/25081","targetHints":{"allow":["GET"]}}],"collection":[{"href":"https:\/\/www.europesays.com\/ee\/wp-json\/wp\/v2\/posts"}],"about":[{"href":"https:\/\/www.europesays.com\/ee\/wp-json\/wp\/v2\/types\/post"}],"author":[{"embeddable":true,"href":"https:\/\/www.europesays.com\/ee\/wp-json\/wp\/v2\/users\/2"}],"replies":[{"embeddable":true,"href":"https:\/\/www.europesays.com\/ee\/wp-json\/wp\/v2\/comments?post=25081"}],"version-history":[{"count":0,"href":"https:\/\/www.europesays.com\/ee\/wp-json\/wp\/v2\/posts\/25081\/revisions"}],"wp:featuredmedia":[{"embeddable":true,"href":"https:\/\/www.europesays.com\/ee\/wp-json\/wp\/v2\/media\/25082"}],"wp:attachment":[{"href":"https:\/\/www.europesays.com\/ee\/wp-json\/wp\/v2\/media?parent=25081"}],"wp:term":[{"taxonomy":"category","embeddable":true,"href":"https:\/\/www.europesays.com\/ee\/wp-json\/wp\/v2\/categories?post=25081"},{"taxonomy":"post_tag","embeddable":true,"href":"https:\/\/www.europesays.com\/ee\/wp-json\/wp\/v2\/tags?post=25081"}],"curies":[{"name":"wp","href":"https:\/\/api.w.org\/{rel}","templated":true}]}}