{"id":250956,"date":"2026-08-13T08:06:07","date_gmt":"2026-08-13T08:06:07","guid":{"rendered":"https:\/\/www.europesays.com\/ee\/250956\/"},"modified":"2026-08-13T08:06:07","modified_gmt":"2026-08-13T08:06:07","slug":"eesti-ettevotted-plaanivad-investeerida-enim-seadmetesse-ja-tehisintellekti","status":"publish","type":"post","link":"https:\/\/www.europesays.com\/ee\/250956\/","title":{"rendered":"Eesti ettev\u00f5tted plaanivad investeerida enim seadmetesse ja tehisintellekti"},"content":{"rendered":"<p>L\u00e4hima aasta jooksul plaanib 28 protsenti alla k\u00fcmne t\u00f6\u00f6tajaga Eesti ettev\u00f5tetest investeerida \u00e4ri laiendamisse v\u00f5i tehnoloogia uuendamisse, selgub uuringufirma Norstat tehtud k\u00fcsitluse tulemustest.<\/p>\n<p class=\"x_MsoNormal\">Luminori panga tellimusel korraldatud uuringu andmetel soovitakse k\u00f5ige sagedamini panustada uutesse seadmetesse ning tehisintellekti ja automatiseerimisse, et kasvatada ettev\u00f5tete tootlikkust ja konkurentsiv\u00f5imet.<\/p>\n","protected":false},"excerpt":{"rendered":"L\u00e4hima aasta jooksul plaanib 28 protsenti alla k\u00fcmne t\u00f6\u00f6tajaga Eesti ettev\u00f5tetest investeerida \u00e4ri laiendamisse v\u00f5i tehnoloogia uuendamisse, selgub&hellip;\n","protected":false},"author":2,"featured_media":250957,"comment_status":"","ping_status":"","sticky":false,"template":"","format":"standard","meta":{"footnotes":"","_share_on_mastodon":"0"},"categories":[5],"tags":[6092,2332,26,27,9276,37,33,35,34,36,98650,31,32,21,28,29,19,25,373,23020,23,24,22,20,34651,30],"class_list":["post-250956","post","type-post","status-publish","format-standard","has-post-thumbnail","category-uldised-uudised","tag-automatiseerimine","tag-balti-riigid","tag-breaking-news","tag-breakingnews","tag-e-kaubandus","tag-ee","tag-eesti","tag-eesti-keel","tag-estonia","tag-estonian","tag-ettevotete-investeeringud","tag-featured-news","tag-featurednews","tag-headlines","tag-latest-news","tag-latestnews","tag-news","tag-populaarseimad-lood","tag-tehisintellekt","tag-tootlikkus","tag-top-stories","tag-topstories","tag-uldised-uudised","tag-uudised","tag-uued-seadmed","tag-viimased-uudised"],"share_on_mastodon":{"url":"https:\/\/pubeurope.com\/@ee\/117087173635273786","error":""},"_links":{"self":[{"href":"https:\/\/www.europesays.com\/ee\/wp-json\/wp\/v2\/posts\/250956","targetHints":{"allow":["GET"]}}],"collection":[{"href":"https:\/\/www.europesays.com\/ee\/wp-json\/wp\/v2\/posts"}],"about":[{"href":"https:\/\/www.europesays.com\/ee\/wp-json\/wp\/v2\/types\/post"}],"author":[{"embeddable":true,"href":"https:\/\/www.europesays.com\/ee\/wp-json\/wp\/v2\/users\/2"}],"replies":[{"embeddable":true,"href":"https:\/\/www.europesays.com\/ee\/wp-json\/wp\/v2\/comments?post=250956"}],"version-history":[{"count":0,"href":"https:\/\/www.europesays.com\/ee\/wp-json\/wp\/v2\/posts\/250956\/revisions"}],"wp:featuredmedia":[{"embeddable":true,"href":"https:\/\/www.europesays.com\/ee\/wp-json\/wp\/v2\/media\/250957"}],"wp:attachment":[{"href":"https:\/\/www.europesays.com\/ee\/wp-json\/wp\/v2\/media?parent=250956"}],"wp:term":[{"taxonomy":"category","embeddable":true,"href":"https:\/\/www.europesays.com\/ee\/wp-json\/wp\/v2\/categories?post=250956"},{"taxonomy":"post_tag","embeddable":true,"href":"https:\/\/www.europesays.com\/ee\/wp-json\/wp\/v2\/tags?post=250956"}],"curies":[{"name":"wp","href":"https:\/\/api.w.org\/{rel}","templated":true}]}}