{"id":250968,"date":"2026-08-13T08:17:38","date_gmt":"2026-08-13T08:17:38","guid":{"rendered":"https:\/\/www.europesays.com\/ee\/250968\/"},"modified":"2026-08-13T08:17:38","modified_gmt":"2026-08-13T08:17:38","slug":"urmas-jaagant-koalitsiooni-suurim-probleem-pole-kaotatud-enamus-vaid-et-see-tuli-ullatusena-eesti-ekspress","status":"publish","type":"post","link":"https:\/\/www.europesays.com\/ee\/250968\/","title":{"rendered":"Urmas Jaagant: koalitsiooni suurim probleem pole kaotatud enamus, vaid et see tuli \u00fcllatusena &#8211; Eesti Ekspress"},"content":{"rendered":"<ol>\n<li><a href=\"https:\/\/news.google.com\/rss\/articles\/CBMijgFBVV95cUxQcThwaFgzczdRUklPcjJkYkcwRjJjSnZqdzhVNWFsLUVROGE2RHhSVFBZcGU0dTBBaEx6dGtHUVB3ekhxdDFtLVVlTHp2UnNTYXhISWFhU0YxOU9hcEkwUjJKRkhMa2xQNERfd3RDYlFuYTBVX2FsZ2ZLVmo2bVQ5SEhwUmlDd3hHMUdmbF9B?oc=5\" target=\"_blank\" rel=\"nofollow noopener\">Urmas Jaagant: koalitsiooni suurim probleem pole kaotatud enamus, vaid et see tuli \u00fcllatusena<\/a>&nbsp;&nbsp;Eesti Ekspress<\/li>\n<li><a href=\"https:\/\/news.google.com\/rss\/articles\/CBMidEFVX3lxTFA3SWc4QmtRdm9EWDhudDR6dmNGQ1JTeFZscTh5V2dodldQZm1Md3FkMU9IVV9OUTRHTFFBcE5la2JIUzdodGlMZ0ltcDNiaHQwVG0yT1hXNkE0QjJPeXRtMjh4Y1RxdWZUMWxlNlFabTdHRnc2?oc=5\" target=\"_blank\" rel=\"nofollow noopener\">JUHTKIRI \u27e9 Aknaaluste pikad read<\/a>&nbsp;&nbsp;Postimees<\/li>\n<li><a href=\"https:\/\/news.google.com\/rss\/articles\/CBMinwFBVV95cUxPTURyY0EyN2FwRDcyWkhhTGZ5UFRLdUZjNzVibHpGdHVwaENwdFdwQ1J5OTYzOENyOTB2dTBPVVVFamRfUV9ySFJXUmFoVXhvRDlOeExVT21DU0lsLUE4Uk4xa1pITHE3SlRQcHVnVy11a21CRWRpRjZja2k4VkdRRE9DeDV3MENmS2ZSdUJnWHNBZmZEbXNjTjZuRGtqN2c?oc=5\" target=\"_blank\" rel=\"nofollow noopener\">Vaga: Reformierakond saadikute h\u00e4\u00e4li eelarve rea kaupa ostma ei hakka<\/a>&nbsp;&nbsp;err.ee<\/li>\n<li><a href=\"https:\/\/news.google.com\/rss\/articles\/CBMimgFBVV95cUxPbU43akdDN1czVVZicXF3YUI0ZDRiTm5PWHZ0TkhJYzBTQnFVcFFTalYyR0puTExSdDlKVzI2eFRPb2ZXbUp0U1BnRE5kQkFvdkhXVnVXTWNNblJVTTAtcWtNTWFTQTF6OVRGYm9keUVwLWpkcmNLamh1T19FM3RvQ0RaWEVubUFfdm1GQm01WDJrVU1PWEJkazVn?oc=5\" target=\"_blank\" rel=\"nofollow noopener\">Prognoos lubab poliittsirkust \u2013 esialgu veel m\u00f5\u00f5dukat<\/a>&nbsp;&nbsp;\u00c4rip\u00e4ev<\/li>\n<li><a href=\"https:\/\/news.google.com\/rss\/articles\/CBMinwFBVV95cUxQd0k5SHN3bEdzS0VFeWZsRGNyYXdIdURpeVdqWkhFZW15dTNTSGZCeHE5U1ZNMDhSeDduNjkwaUdZanlYcTU3R2pZemtHODZQMG03eUhxYXZ0Rmh6WXB4NGd6aGpHdzJuWFFxSkFSaGo4UjZBZVBmcWxMQ0ZidW05UXE2V3ZHcFlQbWQ1ZHpXZWc0Yk01UXBITnVZMUlLMVE?oc=5\" target=\"_blank\" rel=\"nofollow noopener\">POLIITM\u00c4NGUD ALGAVAD \u27e9 V\u00e4hemusvalitsusel on oht j\u00e4\u00e4da turmtule alla<\/a>&nbsp;&nbsp;Postimees<\/li>\n<\/ol>\n","protected":false},"excerpt":{"rendered":"Urmas Jaagant: koalitsiooni suurim probleem pole kaotatud enamus, vaid et see tuli \u00fcllatusena&nbsp;&nbsp;Eesti Ekspress JUHTKIRI \u27e9 Aknaaluste pikad&hellip;\n","protected":false},"author":2,"featured_media":250969,"comment_status":"","ping_status":"","sticky":false,"template":"","format":"standard","meta":{"footnotes":"","_share_on_mastodon":"0"},"categories":[5],"tags":[26,27,37,33,35,1057,34,36,31,32,21,73,28,29,19,999,25,23,24,22,20,1012,30],"class_list":["post-250968","post","type-post","status-publish","format-standard","has-post-thumbnail","category-uldised-uudised","tag-breaking-news","tag-breakingnews","tag-ee","tag-eesti","tag-eesti-keel","tag-erakonnad","tag-estonia","tag-estonian","tag-featured-news","tag-featurednews","tag-headlines","tag-juhtkiri","tag-latest-news","tag-latestnews","tag-news","tag-poliitika","tag-populaarseimad-lood","tag-top-stories","tag-topstories","tag-uldised-uudised","tag-uudised","tag-valitsus","tag-viimased-uudised"],"share_on_mastodon":{"url":"https:\/\/pubeurope.com\/@ee\/117087216745906642","error":""},"_links":{"self":[{"href":"https:\/\/www.europesays.com\/ee\/wp-json\/wp\/v2\/posts\/250968","targetHints":{"allow":["GET"]}}],"collection":[{"href":"https:\/\/www.europesays.com\/ee\/wp-json\/wp\/v2\/posts"}],"about":[{"href":"https:\/\/www.europesays.com\/ee\/wp-json\/wp\/v2\/types\/post"}],"author":[{"embeddable":true,"href":"https:\/\/www.europesays.com\/ee\/wp-json\/wp\/v2\/users\/2"}],"replies":[{"embeddable":true,"href":"https:\/\/www.europesays.com\/ee\/wp-json\/wp\/v2\/comments?post=250968"}],"version-history":[{"count":0,"href":"https:\/\/www.europesays.com\/ee\/wp-json\/wp\/v2\/posts\/250968\/revisions"}],"wp:featuredmedia":[{"embeddable":true,"href":"https:\/\/www.europesays.com\/ee\/wp-json\/wp\/v2\/media\/250969"}],"wp:attachment":[{"href":"https:\/\/www.europesays.com\/ee\/wp-json\/wp\/v2\/media?parent=250968"}],"wp:term":[{"taxonomy":"category","embeddable":true,"href":"https:\/\/www.europesays.com\/ee\/wp-json\/wp\/v2\/categories?post=250968"},{"taxonomy":"post_tag","embeddable":true,"href":"https:\/\/www.europesays.com\/ee\/wp-json\/wp\/v2\/tags?post=250968"}],"curies":[{"name":"wp","href":"https:\/\/api.w.org\/{rel}","templated":true}]}}