{"id":250984,"date":"2026-08-13T08:36:11","date_gmt":"2026-08-13T08:36:11","guid":{"rendered":"https:\/\/www.europesays.com\/ee\/250984\/"},"modified":"2026-08-13T08:36:11","modified_gmt":"2026-08-13T08:36:11","slug":"soome-korvpallur-valtonen-solmis-lepingu-valenciaga","status":"publish","type":"post","link":"https:\/\/www.europesays.com\/ee\/250984\/","title":{"rendered":"Soome korvpallur Valtonen s\u00f5lmis lepingu Valenciaga"},"content":{"rendered":"<p>Valencia teatas, et tegemist on mitte garanteeritud lepinguga, mis kestab 2026\/27 hooaja l\u00f5puni. <\/p>\n<p>27-aastane ja 201 cm pikkune soomlane liitub klubiga vabaagendina. Mullu esindas Valtonen Hispaania meistriliigas Granada klubi, kus viskas keskmiselt 9,8 punkti, hankis 3,1 lauapalli ja jagas 1,3 resultatiivset s\u00f6\u00f6tu m\u00e4ngu kohta, tabades seejuures kaugviskeid 37,1%-ga. <\/p>\n<p>\u00dcldse on soomlane Hispaanias m\u00e4nginud alates 2021. aastast, kui ta liitus Manresaga.<\/p>\n<p>2025. aasta EMil aitas Valtonen Soome koondise poolfinaali. Kaheksandikfinaalis Serbiaga valiti ta \u00fchtlasi m\u00e4ngu parimaks. Serblaste vastu viskas ta 13 punkti, kusjuures koguni kaheksa silma t\u00f5i ta viimase kahe minuti jooksul. <\/p>\n<p>Kuidas see lugu Sind end tundma pani?Saada<a href=\"https:\/\/sport.delfi.ee\/a\/120603460\/soome-korvpallur-solmis-lepingu-valenciaga\/kommentaarid\" class=\"button button--primary button--size-auto article-body-bottom__comment article-body-bottom__comment--write\" style=\"\" rel=\"nofollow noopener\" target=\"_blank\">Kommenteeri<\/a><a href=\"https:\/\/sport.delfi.ee\/a\/120603460\/soome-korvpallur-solmis-lepingu-valenciaga\/kommentaarid\" class=\"button button--size-auto article-body-bottom__comment article-body-bottom__comment--read\" style=\"\" rel=\"nofollow noopener\" target=\"_blank\">Loe kommentaare (3)<\/a><\/p>\n","protected":false},"excerpt":{"rendered":"Valencia teatas, et tegemist on mitte garanteeritud lepinguga, mis kestab 2026\/27 hooaja l\u00f5puni. 27-aastane ja 201 cm pikkune&hellip;\n","protected":false},"author":2,"featured_media":250985,"comment_status":"","ping_status":"","sticky":false,"template":"","format":"standard","meta":{"footnotes":"","_share_on_mastodon":"0"},"categories":[14],"tags":[131,130,37,33,35,34,36,1513,1139],"class_list":["post-250984","post","type-post","status-publish","format-standard","has-post-thumbnail","category-ari","tag-ari","tag-business","tag-ee","tag-eesti","tag-eesti-keel","tag-estonia","tag-estonian","tag-korvpall","tag-valencia"],"share_on_mastodon":{"url":"https:\/\/pubeurope.com\/@ee\/117087292205025816","error":""},"_links":{"self":[{"href":"https:\/\/www.europesays.com\/ee\/wp-json\/wp\/v2\/posts\/250984","targetHints":{"allow":["GET"]}}],"collection":[{"href":"https:\/\/www.europesays.com\/ee\/wp-json\/wp\/v2\/posts"}],"about":[{"href":"https:\/\/www.europesays.com\/ee\/wp-json\/wp\/v2\/types\/post"}],"author":[{"embeddable":true,"href":"https:\/\/www.europesays.com\/ee\/wp-json\/wp\/v2\/users\/2"}],"replies":[{"embeddable":true,"href":"https:\/\/www.europesays.com\/ee\/wp-json\/wp\/v2\/comments?post=250984"}],"version-history":[{"count":0,"href":"https:\/\/www.europesays.com\/ee\/wp-json\/wp\/v2\/posts\/250984\/revisions"}],"wp:featuredmedia":[{"embeddable":true,"href":"https:\/\/www.europesays.com\/ee\/wp-json\/wp\/v2\/media\/250985"}],"wp:attachment":[{"href":"https:\/\/www.europesays.com\/ee\/wp-json\/wp\/v2\/media?parent=250984"}],"wp:term":[{"taxonomy":"category","embeddable":true,"href":"https:\/\/www.europesays.com\/ee\/wp-json\/wp\/v2\/categories?post=250984"},{"taxonomy":"post_tag","embeddable":true,"href":"https:\/\/www.europesays.com\/ee\/wp-json\/wp\/v2\/tags?post=250984"}],"curies":[{"name":"wp","href":"https:\/\/api.w.org\/{rel}","templated":true}]}}