{"id":251012,"date":"2026-08-13T09:08:10","date_gmt":"2026-08-13T09:08:10","guid":{"rendered":"https:\/\/www.europesays.com\/ee\/251012\/"},"modified":"2026-08-13T09:08:10","modified_gmt":"2026-08-13T09:08:10","slug":"tanak-andis-toyota-pohisoitjaks-saamise-kohta-kruptilise-vastuse-igasuguseid-arutelusid-on-alati","status":"publish","type":"post","link":"https:\/\/www.europesays.com\/ee\/251012\/","title":{"rendered":"T\u00e4nak andis Toyota p\u00f5his\u00f5itjaks saamise kohta kr\u00fcptilise vastuse. \u201eIgasuguseid arutelusid on alati\u201c"},"content":{"rendered":"<p>2019. aastal maailmameistriks kroonitud T\u00e4nak lahkus <a rel=\"noopener nofollow\" target=\"_blank\" href=\"https:\/\/www.delfi.ee\/teema\/23049339\/wrc\" tag-id=\"23049339\">WRC<\/a>-st eelmisel s\u00fcgisel. Eestlane pole aga rallispordist t\u00e4ielikult loobunud, sest tegutseb alates sellest kevadest Toyota meeskonna testis\u00f5itjana ja arendab nende uut autot, millega v\u00f5isteldakse 2027. aastal.<\/p>\n<p>T\u00e4nak viibis paar n\u00e4dalat tagasi toimunud Soome MM-rallil, kus tunnistas, et naudib praegust olukorda t\u00e4iega.<\/p>\n<p>\u201ePean \u00fctlema, et olen selle olukorraga \u00fcsna rahul. Mul pole mingit survet, aga saan palju s\u00f5ita,\u201c \u00fctles T\u00e4nak, vahendab <a rel=\"noopener follow nofollow\" target=\"_blank\" href=\"https:\/\/www.rallit.fi\/huhut-kiihtyvat-ott-tanakin-ymparilla-virolaistahdelta-kryptinen-vastaus-isoon-toyota-kysymykseen\/\" data-rel-date-range=\"[]\">Rallit.fi<\/a>. <\/p>\n<p><img decoding=\"async\" src=\"https:\/\/static.delfi.ee\/portal-configuration\/legacy_assets\/sport_delfi_ee\/n_icon-pullout.svg\"\/><\/p>\n<p>Ma ei \u00fctleks praegu kuigi palju. Olen rahul sellega, kus ma olen.<\/p>\n<p>\u201eSaan t\u00f6\u00f6tada heade inimestega ja arendada midagi t\u00fchjalt lehelt. Toyota tehniline meeskond on t\u00f5esti tugev ja selliste inimestega on v\u00e4ga nauditav midagi uut arendada,\u201c lisas Eesti ralli\u00e4ss.<\/p>\n<p>T\u00e4nak pole sel aastal testinud mitte ainult WRC27 n\u00f5uetele vastavat uut Toyotat. Teda on n\u00e4htud ka Toyota praeguste Rally1 ja Rally2 v\u00f5idus\u00f5iduautode roolis. <\/p>\n<p>Paljud usuvad \u00fcsna kindlaks, et T\u00e4nak teeb j\u00e4rgmisel hooajal autorallis tagasituleku. K\u00fcsimusele, kui t\u00f5en\u00e4oline on, et ta 2027. aastal Toyota eest v\u00f5istleb, eestlane otsest vastust ei andnud.  <\/p>\n<p>\u201eMa ei \u00fctleks praegu kuigi palju. Olen rahul sellega, kus ma praegu olen. Nii et vaatame, mis saab,\u201c teatas T\u00e4nak. <\/p>\n<p>\u201e\u00dcldiselt on hetkel olukord \u00fcsna avatud selles osas, mis [WRC-st] edasi saab. Seega ootame k\u00f5igepealt selle kohta uudiseid,\u201c lisas eestlane, viidates WRC p\u00f5hiklassi reeglitele, mis pole veel l\u00f5plikult vormistatud. <\/p>\n<p>Aga kas Toyota meeskond on T\u00e4nakuga juba s\u00f5itmise osas \u00fchendust v\u00f5tnud? \u201eIgasuguseid arutelusid on alati,\u201c k\u00f5lasi 38-aastase eestlase kr\u00fcptiline vastus.<\/p>\n<p>T\u00e4nak v\u00f5istles viimati Toyota piloodina 2019. aasta hooajal ning tuli siis ka maailmameistriks. P\u00e4rast seda esindas eestlane viiel hooajal Hyundaid ja \u00fche hooaja M-Sport Fordi.<\/p>\n<p>Kuidas see lugu Sind end tundma pani?Saada<a href=\"https:\/\/sport.delfi.ee\/artikkel\/120603480\/tanak-andis-toyota-pohisoitjaks-saamise-kohta-kruptilise-vastuse-igasuguseid-arutelusid-on-alati\/kommentaarid\" class=\"button button--primary button--size-auto article-body-bottom__comment article-body-bottom__comment--write\" style=\"\" rel=\"nofollow noopener\" target=\"_blank\">Kommenteeri<\/a><a href=\"https:\/\/sport.delfi.ee\/artikkel\/120603480\/tanak-andis-toyota-pohisoitjaks-saamise-kohta-kruptilise-vastuse-igasuguseid-arutelusid-on-alati\/kommentaarid\" class=\"button button--size-auto article-body-bottom__comment article-body-bottom__comment--read\" style=\"\" rel=\"nofollow noopener\" target=\"_blank\">Loe kommentaare (3)<\/a><\/p>\n","protected":false},"excerpt":{"rendered":"2019. aastal maailmameistriks kroonitud T\u00e4nak lahkus WRC-st eelmisel s\u00fcgisel. Eestlane pole aga rallispordist t\u00e4ielikult loobunud, sest tegutseb alates&hellip;\n","protected":false},"author":2,"featured_media":251013,"comment_status":"","ping_status":"","sticky":false,"template":"","format":"standard","meta":{"footnotes":"","_share_on_mastodon":"0"},"categories":[18],"tags":[37,33,35,3307,34,36,3730,1523,6863,3000,159,158,2683,1192],"class_list":["post-251012","post","type-post","status-publish","format-standard","has-post-thumbnail","category-sport","tag-ee","tag-eesti","tag-eesti-keel","tag-elfyn-evans","tag-estonia","tag-estonian","tag-oliver-solberg","tag-ott-tanak","tag-sami-pajari","tag-sebastien-ogier","tag-sport","tag-sports","tag-takamoto-katsuta","tag-wrc"],"share_on_mastodon":{"url":"https:\/\/pubeurope.com\/@ee\/117087417855152943","error":""},"_links":{"self":[{"href":"https:\/\/www.europesays.com\/ee\/wp-json\/wp\/v2\/posts\/251012","targetHints":{"allow":["GET"]}}],"collection":[{"href":"https:\/\/www.europesays.com\/ee\/wp-json\/wp\/v2\/posts"}],"about":[{"href":"https:\/\/www.europesays.com\/ee\/wp-json\/wp\/v2\/types\/post"}],"author":[{"embeddable":true,"href":"https:\/\/www.europesays.com\/ee\/wp-json\/wp\/v2\/users\/2"}],"replies":[{"embeddable":true,"href":"https:\/\/www.europesays.com\/ee\/wp-json\/wp\/v2\/comments?post=251012"}],"version-history":[{"count":0,"href":"https:\/\/www.europesays.com\/ee\/wp-json\/wp\/v2\/posts\/251012\/revisions"}],"wp:featuredmedia":[{"embeddable":true,"href":"https:\/\/www.europesays.com\/ee\/wp-json\/wp\/v2\/media\/251013"}],"wp:attachment":[{"href":"https:\/\/www.europesays.com\/ee\/wp-json\/wp\/v2\/media?parent=251012"}],"wp:term":[{"taxonomy":"category","embeddable":true,"href":"https:\/\/www.europesays.com\/ee\/wp-json\/wp\/v2\/categories?post=251012"},{"taxonomy":"post_tag","embeddable":true,"href":"https:\/\/www.europesays.com\/ee\/wp-json\/wp\/v2\/tags?post=251012"}],"curies":[{"name":"wp","href":"https:\/\/api.w.org\/{rel}","templated":true}]}}